{"id":7451,"date":"2025-10-22T13:47:08","date_gmt":"2025-10-22T11:47:08","guid":{"rendered":"https:\/\/www.katehetski.zadarskanadbiskupija.hr\/?p=7451"},"modified":"2025-10-22T13:49:52","modified_gmt":"2025-10-22T11:49:52","slug":"osvrt-vjerouciteljice-ivane-viduka-na-knjizicu-nadbiskupa-puljica-o-sveta-gozbo","status":"publish","type":"post","link":"https:\/\/www.katehetski.zadarskanadbiskupija.hr\/?p=7451","title":{"rendered":"Osvrt vjerou\u010diteljice Ivane Viduka na knji\u017eicu nadbiskupa Pulji\u0107a &#8220;O sveta gozbo&#8230;&#8221;"},"content":{"rendered":"\n<figure class=\"wp-block-image size-full is-resized\"><img loading=\"lazy\" decoding=\"async\" width=\"721\" height=\"1024\" src=\"https:\/\/www.katehetski.zadarskanadbiskupija.hr\/wp-content\/upLoads\/2025\/10\/Zelimir_Puljic_O_sveta_gozbo-721x1024-2.jpg\" alt=\"\" class=\"wp-image-7458\" style=\"width:840px;height:auto\" srcset=\"https:\/\/www.katehetski.zadarskanadbiskupija.hr\/wp-content\/upLoads\/2025\/10\/Zelimir_Puljic_O_sveta_gozbo-721x1024-2.jpg 721w, https:\/\/www.katehetski.zadarskanadbiskupija.hr\/wp-content\/upLoads\/2025\/10\/Zelimir_Puljic_O_sveta_gozbo-721x1024-2-211x300.jpg 211w\" sizes=\"auto, (max-width: 721px) 100vw, 721px\" \/><\/figure>\n\n\n\n<p>Po\u010detkom korizme na adresu mi je stigla omotnica, u njoj su bile tri knji\u017eice. <strong>Jedna mi je ostala u ruci. Naslovnica knji\u017eice \u201eO sveta gozbo na kojoj se Krist blaguje\u201c privukla mi je pozornost.<\/strong> Posljednja ve\u010dera (slikar Anto Mamu\u0161a) podsjetila me na ud\u017ebenik vjeronauka za tre\u0107i razred. Prvi naslov u knji\u017eici \u201eJubilej je milosno razdoblje crkvene godine\u201c, na prvu ne povezujem s naslovom knji\u017eice. Kona\u010dno po\u010dnem \u010ditati i polako razumijem za\u0161to mi je prva asocijacija bila ud\u017ebenik, a onda i kakve veze ima s Jubilejskom godinom.<\/p>\n\n\n\n<p><strong>Knji\u017eica sadr\u017ei dvanaest tema \u2013 kateheza i zapravo bi mogla poslu\u017eiti kao \u201emini\u201c katehetski priru\u010dnik za Jubilejsku godinu.<\/strong> Sve teme imaju kratki istaknuti uvod, bilo da je rije\u010d o biblijskim citatima koji potkrepljuju temu ili su rekapitulacija prethodne teme. Teme su zaklju\u010dene kratkim molitvama i poticajima koje dolaze kao odjek onog \u0161to je sadr\u017eano u katehezi, za upoznavanje Otajstava Crkve, Euharistije&#8230; Glavna upori\u0161ta za kateheze su Sveto pismo i dokumenti Crkve te Autorovo bogato iskustvo \u017eivota i obavljanja razli\u010ditih slu\u017ebi unutar Crkve. Autor koristi razli\u010dite slike i primjere iz obi\u010dnog \u017eivota kako bi pokazao ljepotu liturgije i pribli\u017eio Otajstva o kojima progovara. Knji\u017eica je oboga\u0107ena brojnim fotografijama, a jezik kojeg koristi je jednostavan i pristupa\u010dan.<\/p>\n\n\n\n<p>\u017divimo u vremenu \u201eznanja dostupnog na klik\u201c i mo\u017ee se postaviti pitanje je li nam potreban jo\u0161 jedan katehetski priru\u010dnik, a u ovom slu\u010daju \u201emini\u201c katehetski priru\u010dnik? Neki \u0107e re\u0107i nije i mo\u017eda su u pravu. Sklona sam vjerovati ako mi je ve\u0107 u rukama, potreban je i idemo vidjeti kako ga \u0161to bolje iskoristiti. <strong>Na kraju \u201eznanje na klik\u201c \u010desto je upitnog sadr\u017eaja, a ove kateheze imaju \u010dvrsta utemeljenja.<\/strong> Autor na jednostavan na\u010din tuma\u010di \u0161to Jubilejska godina jest, od biblijskog polazi\u0161ta do ove aktualne Jubilejske godine i nakan\u00e2 Pape Franje u njoj. Kad je rije\u010d o Jubilejskoj godini stekne se dojam da je rije\u010d o \u201ejurnjavi na oproste\u201c, ali kroz katehezu uvi\u0111amo kako je zapravo rije\u010d o prilici i izazovu za nas vjernike da dublje upoznamo svoju vjeru i u\u0111emo u njena otajstva. <strong>Euharistija je sredi\u0161te i vrhunac na\u0161e vjere, a govoriti o euharistiji bez govora o Crkvi nema utemeljenja.<\/strong><\/p>\n\n\n\n<p><strong>\u201eCrkva nije puka skupina ljudi\u2026 ve\u0107 je Crkva izvorni Bo\u017eji naum, Isusova zaru\u010dnica i Tijelo Kristovo\u2026 nadilazi zemaljske zajednice, a u njima se povijesno utjelovljuje i ostvaruje. To je otajstvo koje se jedino vjerom mo\u017ee shvatiti, tuma\u010diti i objaviti.\u201c<\/strong> Osim doga\u0111anja na razini sveop\u0107e Crkve podsje\u0107a i na va\u017ene obljetnice i doga\u0111anja u povijesti Crkve u Hrvata. Podsje\u0107a na vrijeme Jubileja koje treba iskoristiti kako bi se produbile spoznaje o otajstvu Crkve, braka i presvete euharistije te potrebu da se hranimo Bo\u017ejom rije\u010dju i euharistijom.<\/p>\n\n\n\n<figure class=\"wp-block-image size-full\"><img loading=\"lazy\" decoding=\"async\" width=\"1024\" height=\"760\" src=\"https:\/\/www.katehetski.zadarskanadbiskupija.hr\/wp-content\/upLoads\/2025\/10\/zelimit-puljic.jpg\" alt=\"\" class=\"wp-image-7454\" srcset=\"https:\/\/www.katehetski.zadarskanadbiskupija.hr\/wp-content\/upLoads\/2025\/10\/zelimit-puljic.jpg 1024w, https:\/\/www.katehetski.zadarskanadbiskupija.hr\/wp-content\/upLoads\/2025\/10\/zelimit-puljic-300x223.jpg 300w, https:\/\/www.katehetski.zadarskanadbiskupija.hr\/wp-content\/upLoads\/2025\/10\/zelimit-puljic-768x570.jpg 768w\" sizes=\"auto, (max-width: 1024px) 100vw, 1024px\" \/><\/figure>\n\n\n\n<figure class=\"wp-block-pullquote\"><blockquote><p>Zanimljiva je primjedba da se <strong>\u201eu promid\u017ebi ljudskih prava \u010desto zaboravlja kako i Bog ima prava, koja mu ljudi oduzimaju\u201c.<\/strong> Neprestance kroz sve teme isti\u010de kako je euharistija <strong>\u201esr\u017e kr\u0161\u0107anske vjere i \u017eivota, kako pojedinog vjernika tako i cijele zajednice \u017eupe, biskupije i sveop\u0107e Crkve\u201c.<\/strong><\/p><\/blockquote><\/figure>\n\n\n\n<p>Kroz kateheze koje se doti\u010du svih segmenata euharistijskog slavlja progovara o va\u017enosti svih detalja od izvanjskog ure\u0111enja prostora i sudionika do unutarnjeg stava liturga i vjernika, pristup Rije\u010di, liturgijski predmeti i znakovi, darovi, liturgijsko ruho i pjevanje. Jednostavno <strong>\u201enismo mi ti koji stvaraju liturgiju. Ona nam je darovana. A Crkva je jamac njezinog autenti\u010dnog slavlja\u201c.<\/strong> Govor o euharistiji nepotpun je i besmisleni bez govora o Posljednjoj ve\u010deri, koja se slavila u kontekstu \u017eidovske Pashe, gdje je Isus Krist prepoznat kao <strong>\u201enovo pashalno janje\u201c \u010dijom \u017ertvom se doga\u0111a \u201ePasha svijeta\u201c.<\/strong><\/p>\n\n\n\n<p>Valjalo bi si posvjestiti <strong>\u201emisno slavlje djelo je Krista i hijerarhijski ure\u0111enoga Bo\u017ejega naroda u sredi\u0161tu njihova kr\u0161\u0107anskog \u017eivota\u201c.<\/strong> Autor se kroz ove teme usu\u0111uje postaviti i provokativna pitanja za ispit savjesti npr.: <strong>\u201e\u0160to je s na\u0161im zajedni\u0161tvom?&#8230;\u201c<\/strong> , re\u0107i euharistija <strong>\u201emo\u017ee izgraditi zajedni\u0161tvo Bo\u017ejega naroda ako to pojedinci i zajednica \u017eele i ho\u0107e\u201c<\/strong> i da se liturgijsko slavlje <strong>\u201ene mo\u017ee samo obaviti, odslu\u017eiti i od\u010ditati. Ne! Sveta misa je doga\u0111aj koji pro\u017eima i misnika i vjernike.\u201c<\/strong> Za\u0161to sav ovaj poticaj? Kako bi sudjelovanjem u euharistiji u\u0161li u Novi savez ne savez kamenih plo\u010da nego savez srdaca.<\/p>\n\n\n\n<p>Na kraju knji\u017eice, kad sam vidjela koli\u010dinu bilje\u0161ki o autoru u misli mi je do\u0161la rije\u010d skromno. <strong>Skromna knji\u017eica, skroman autor, a onda i naslovnici mogu biti skromni.<\/strong><\/p>\n\n\n\n<p>Komu bi mogla biti od koristi ova knji\u017eica? Ponajprije \u017eupnicima i katehetama. Koga vidim kao naslovnike ovih kateheza?<\/p>\n\n\n\n<figure class=\"wp-block-image size-large\"><img loading=\"lazy\" decoding=\"async\" width=\"1024\" height=\"648\" src=\"https:\/\/www.katehetski.zadarskanadbiskupija.hr\/wp-content\/upLoads\/2025\/10\/ivana-zelimir-rab-1024x648.jpg\" alt=\"\" class=\"wp-image-7453\" srcset=\"https:\/\/www.katehetski.zadarskanadbiskupija.hr\/wp-content\/upLoads\/2025\/10\/ivana-zelimir-rab-1024x648.jpg 1024w, https:\/\/www.katehetski.zadarskanadbiskupija.hr\/wp-content\/upLoads\/2025\/10\/ivana-zelimir-rab-300x190.jpg 300w, https:\/\/www.katehetski.zadarskanadbiskupija.hr\/wp-content\/upLoads\/2025\/10\/ivana-zelimir-rab-768x486.jpg 768w, https:\/\/www.katehetski.zadarskanadbiskupija.hr\/wp-content\/upLoads\/2025\/10\/ivana-zelimir-rab-1536x972.jpg 1536w, https:\/\/www.katehetski.zadarskanadbiskupija.hr\/wp-content\/upLoads\/2025\/10\/ivana-zelimir-rab.jpg 2000w\" sizes=\"auto, (max-width: 1024px) 100vw, 1024px\" \/><\/figure>\n\n\n\n<p>Roditelji onih koji se spremaju za sakramente za koje sam u svojoj praksi stekla dojam da im \u010desto nedostaje osnovnog vjerskog znanja. Oni hrabriji znali su mi pri\u0107i i re\u0107i <strong>\u201esram me, moje dite zna vi\u0161e od mene\u201c.<\/strong><\/p>\n\n\n\n<p>Mogu to biti i stariji vjernici kojima se kroz ove kateheze mo\u017ee iskazati pa\u017enja, jer na njihovu prisutnost stalno ra\u010dunamo, a malo im dajemo.<\/p>\n\n\n\n<p>\u010clanovi crkvenih pokreta nerijetko imaju <strong>\u201esvoja\u201c liturgijska slavlja \u0161to nije lo\u0161e ili krivo, ali zna se onda izgubiti osje\u0107aj za ono univerzalno.<\/strong><\/p>\n\n\n\n<p>Da, mnogi su mogu\u0107i naslovnici <strong>\u201eako to pojedinci i zajednica \u017eele i ho\u0107e.\u201c<\/strong><\/p>\n\n\n\n<p>Na pola smo Jubilejske godine i opet pitanje ima li potrebe za ovom knji\u017eicom? Papa Franjo na jednom mjestu kazuje: <strong>\u201eKrist je jubilej svakog dana, svakog \u010dasa i on ti se pribli\u017eava da te pomiluje, da ti oprosti\u201c,<\/strong> dakle knji\u017eica je aktualna, naravno <strong>\u201eako to pojedinci i zajednica \u017eele i ho\u0107e\u201c.<\/strong><\/p>\n\n\n\n<p>Ovaj osvrt \u0107u zaklju\u010dit molitvom <strong>\u201eO sveta gozbo na kojoj se Krist blaguje. Slavi se spomen muke njegove; du\u0161a se napunja milo\u0161\u0107u i daje nam se zalog budu\u0107e slave. Kruh s neba dao si njima, koji svaku slast u sebi ima. Amen.\u201c<\/strong><\/p>\n\n\n\n<p>Ivana Viduka, benediktinska novakinja u Rabu<\/p>\n\n\n\n<p>U nastavku donosimo i pojedine kateheze s \u201eadresom\u201c gdje se mo\u017ee konzultirati i koristiti tekst kateheza o Euharistiji:<\/p>\n\n\n\n<ol class=\"wp-block-list\">\n<li><strong>Jubilej je milosno razdoblje<\/strong><\/li>\n<\/ol>\n\n\n\n<p><a href=\"https:\/\/www.vjeraidjela.com\/jubilej-je-milosno-razdoblje\/\">Jubilej je milosno razdoblje \u2013 VJERA I DJELA<\/a><\/p>\n\n\n\n<ol start=\"2\" class=\"wp-block-list\">\n<li><strong>Ne mo\u017eemo bez Krista, molitve i nedjeljne Euharistije<\/strong><\/li>\n<\/ol>\n\n\n\n<p><a href=\"https:\/\/www.vjeraidjela.com\/ne-mozemo-bez-krista-molitve-i-nedjeljne-euharistije\/\">Ne mo\u017eemo bez Krista, molitve i nedjeljne Euharistije \u2013 VJERA I DJELA<\/a><\/p>\n\n\n\n<ol start=\"3\" class=\"wp-block-list\">\n<li><strong>Pristupit \u0107u k Bo\u017ejem \u017ertveniku<\/strong><\/li>\n<\/ol>\n\n\n\n<p><a href=\"https:\/\/www.vjeraidjela.com\/pristupit-cu-k-bozjem-zrtveniku\/\">Pristupit \u0107u k Bo\u017ejem \u017ertveniku \u2013 VJERA I DJELA<\/a><\/p>\n\n\n\n<ol start=\"4\" class=\"wp-block-list\">\n<li><strong>Euharistija \u2013 izvor i vrhunac \u017eivota i poslanja Crkve<\/strong><\/li>\n<\/ol>\n\n\n\n<p><a href=\"https:\/\/www.vjeraidjela.com\/euharistija-izvor-i-vrhunac-zivota-i-poslanja-crkve\/\">Euharistija \u2013 izvor i vrhunac \u017eivota i poslanja Crkve \u2013 VJERA I DJELA<\/a><\/p>\n\n\n\n<ol start=\"5\" class=\"wp-block-list\">\n<li><strong>U liturgiji Rije\u010di Bog nam govori, a mi Ga slu\u0161amo<\/strong><\/li>\n<\/ol>\n\n\n\n<p><a href=\"https:\/\/www.vjeraidjela.com\/u-liturgiji-rijeci-bog-nam-govori-a-mi-ga-slusamo\/\">U liturgiji Rije\u010di Bog nam govori, a mi Ga slu\u0161amo \u2013 VJERA I DJELA<\/a><\/p>\n\n\n\n<ol start=\"6\" class=\"wp-block-list\">\n<li><strong>Liturgijsko odijelo, oltar, vjerovanje i molitva vjernih<\/strong><\/li>\n<\/ol>\n\n\n\n<p><a href=\"https:\/\/www.vjeraidjela.com\/liturgijsko-odijelo-oltar-vjerovanje-i-molitva-vjernih\/\">Liturgijsko odijelo, oltar, vjerovanje i molitva vjernih \u2013 VJERA I DJELA<\/a><\/p>\n\n\n\n<ol start=\"7\" class=\"wp-block-list\">\n<li><strong>Od prikaznih darova do nekrvne \u017ertve na oltaru<\/strong><\/li>\n<\/ol>\n\n\n\n<p><a href=\"https:\/\/www.vjeraidjela.com\/od-prikaznih-darova-do-nekrvne-zrtve-na-oltaru\/\">Od prikaznih darova do nekrvne \u017ertve na oltaru \u2013 VJERA I DJELA<\/a><\/p>\n\n\n\n<ol start=\"8\" class=\"wp-block-list\">\n<li><strong>Liturgijska glazba oblikuje zajednicu i stvara blagdansko ozra\u010dje<\/strong><\/li>\n<\/ol>\n\n\n\n<p><a href=\"https:\/\/www.vjeraidjela.com\/liturgijska-glazba-oblikuje-zajednicu-i-stvara-blagdansko-ozracje\/\">Liturgijska glazba oblikuje zajednicu i stvara blagdansko ozra\u010dje \u2013 VJERA I DJELA<\/a><\/p>\n\n\n\n<ol start=\"9\" class=\"wp-block-list\">\n<li><strong>Isusova Posljednja ve\u010dera nova je Pasha svijeta<\/strong><\/li>\n<\/ol>\n\n\n\n<p><a href=\"https:\/\/www.vjeraidjela.com\/isusova-posljednja-vecera-nova-je-pasha-svijeta\/\">Isusova Posljednja ve\u010dera nova je Pasha svijeta \u2013 VJERA I DJELA<\/a><\/p>\n\n\n\n<ol start=\"10\" class=\"wp-block-list\">\n<li><strong>Euharistija izgra\u0111uje zajednicu, Crkvu<\/strong><\/li>\n<\/ol>\n\n\n\n<p><a href=\"https:\/\/www.vjeraidjela.com\/euharistija-izgraduje-zajednicu-crkvu\/\">Euharistija izgra\u0111uje zajednicu, Crkvu \u2013 VJERA I DJELA<\/a><\/p>\n\n\n\n<ol start=\"11\" class=\"wp-block-list\">\n<li><strong>Sve\u0107enik i Euharistija<\/strong><\/li>\n<\/ol>\n\n\n\n<p><a href=\"https:\/\/www.vjeraidjela.com\/svecenik-i-euharistija\/\">Sve\u0107enik i Euharistija \u2013 VJERA I DJELA<\/a><\/p>\n\n\n\n<ol start=\"12\" class=\"wp-block-list\">\n<li><strong>Krist novo Janje Bo\u017eje posrednik je Novoga Saveza<\/strong><\/li>\n<\/ol>\n\n\n\n<p><a href=\"https:\/\/www.vjeraidjela.com\/krist-novo-janje-bozje-posrednik-je-novoga-saveza\/\">Krist novo Janje Bo\u017eje posrednik je Novoga Saveza \u2013 VJERA I DJELA<\/a><\/p>\n\n\n\n<p><\/p>\n","protected":false},"excerpt":{"rendered":"<p>Po\u010detkom korizme na adresu mi je stigla omotnica, u njoj su bile tri knji\u017eice. Jedna mi je ostala u ruci. Naslovnica knji\u017eice \u201eO sveta gozbo na kojoj se Krist blaguje\u201c privukla mi je pozornost. Posljednja ve\u010dera (slikar Anto Mamu\u0161a) podsjetila me na ud\u017ebenik vjeronauka za tre\u0107i razred. Prvi naslov u knji\u017eici \u201eJubilej je milosno razdoblje [&hellip;]<\/p>\n","protected":false},"author":1,"featured_media":0,"comment_status":"closed","ping_status":"closed","sticky":false,"template":"","format":"standard","meta":{"footnotes":""},"categories":[27],"tags":[],"class_list":["post-7451","post","type-post","status-publish","format-standard","hentry","category-dogadanja-uncategorized"],"_links":{"self":[{"href":"https:\/\/www.katehetski.zadarskanadbiskupija.hr\/index.php?rest_route=\/wp\/v2\/posts\/7451","targetHints":{"allow":["GET"]}}],"collection":[{"href":"https:\/\/www.katehetski.zadarskanadbiskupija.hr\/index.php?rest_route=\/wp\/v2\/posts"}],"about":[{"href":"https:\/\/www.katehetski.zadarskanadbiskupija.hr\/index.php?rest_route=\/wp\/v2\/types\/post"}],"author":[{"embeddable":true,"href":"https:\/\/www.katehetski.zadarskanadbiskupija.hr\/index.php?rest_route=\/wp\/v2\/users\/1"}],"replies":[{"embeddable":true,"href":"https:\/\/www.katehetski.zadarskanadbiskupija.hr\/index.php?rest_route=%2Fwp%2Fv2%2Fcomments&post=7451"}],"version-history":[{"count":3,"href":"https:\/\/www.katehetski.zadarskanadbiskupija.hr\/index.php?rest_route=\/wp\/v2\/posts\/7451\/revisions"}],"predecessor-version":[{"id":7459,"href":"https:\/\/www.katehetski.zadarskanadbiskupija.hr\/index.php?rest_route=\/wp\/v2\/posts\/7451\/revisions\/7459"}],"wp:attachment":[{"href":"https:\/\/www.katehetski.zadarskanadbiskupija.hr\/index.php?rest_route=%2Fwp%2Fv2%2Fmedia&parent=7451"}],"wp:term":[{"taxonomy":"category","embeddable":true,"href":"https:\/\/www.katehetski.zadarskanadbiskupija.hr\/index.php?rest_route=%2Fwp%2Fv2%2Fcategories&post=7451"},{"taxonomy":"post_tag","embeddable":true,"href":"https:\/\/www.katehetski.zadarskanadbiskupija.hr\/index.php?rest_route=%2Fwp%2Fv2%2Ftags&post=7451"}],"curies":[{"name":"wp","href":"https:\/\/api.w.org\/{rel}","templated":true}]}}