{"id":7368,"date":"2025-03-04T09:30:00","date_gmt":"2025-03-04T08:30:00","guid":{"rendered":"https:\/\/www.katehetski.zadarskanadbiskupija.hr\/?p=7368"},"modified":"2025-03-04T10:19:39","modified_gmt":"2025-03-04T09:19:39","slug":"najava-medubiskupijskog-strucnog-skupa-za-odgojiteljice-u-vjeri","status":"publish","type":"post","link":"https:\/\/www.katehetski.zadarskanadbiskupija.hr\/?p=7368","title":{"rendered":"NAJAVA ME\u0110UBISKUPIJSKOG STRU\u010cNOG SKUPA ZA ODGOJITELJICE U VJERI"},"content":{"rendered":"<p>&nbsp;<\/p>\n<p>KATEHETSKI UREDI SPLITSKO-MAKARSKE, ZADARSKE, \u0160IBENSKE, HVARSKE I DUBROVA\u010cKE NAD\/BISKUPIJE<\/p>\n<p>&nbsp;<\/p>\n<p>u suradnji s<\/p>\n<p>&nbsp;<\/p>\n<p>AGENCIJOM ZA ODGOJ I OBRAZOVANJE \u2013 PODRU\u017dNICA\u00a0 SPLIT<\/p>\n<p><strong>\u00a0<\/strong><\/p>\n<p><strong>organizira<\/strong><\/p>\n<p><strong>\u00a0<\/strong><\/p>\n<p><strong>\u00a0<\/strong><\/p>\n<ol start=\"22\">\n<li><strong> o\u017eujka 2025. (subota)<\/strong><\/li>\n<\/ol>\n<p><strong>\u00a0<\/strong><\/p>\n<p><strong>\u00a0<\/strong><\/p>\n<h1>ME\u0110UBISKUPIJSKI STRU\u010cNI SKUP<\/h1>\n<h1>ZA ODGOJITELJICE U VJERI<\/h1>\n<p>&nbsp;<\/p>\n<p>&nbsp;<\/p>\n<p><strong>n a\u00a0\u00a0\u00a0 t e m u :<\/strong><\/p>\n<p><strong>\u00a0<\/strong><\/p>\n<p><strong>\u00a0<\/strong><\/p>\n<h2>Duhovna ba\u0161tina Marka Maruli\u0107a<\/h2>\n<p><strong>\u00a0<\/strong><\/p>\n<p><strong>PROGRAM:<\/strong><\/p>\n<p><strong>\u00a0<\/strong><\/p>\n<p>9.00 \u2013 10.00\u00a0\u00a0\u00a0\u00a0\u00a0\u00a0\u00a0\u00a0\u00a0\u00a0\u00a0\u00a0\u00a0 Sv. misa<\/p>\n<p>10.00 \u2013 10.15\u00a0\u00a0\u00a0\u00a0\u00a0\u00a0\u00a0\u00a0\u00a0\u00a0\u00a0\u00a0\u00a0 Pozdravi<\/p>\n<p>Uvod u rad skupa<\/p>\n<p>&nbsp;<\/p>\n<p>10.15 \u2013 11.00\u00a0\u00a0\u00a0\u00a0\u00a0\u00a0\u00a0\u00a0\u00a0\u00a0\u00a0\u00a0\u00a0 Predavanje<\/p>\n<p><strong>\u0160to nam je ostalo od Marka Maruli\u0107a?<\/strong><\/p>\n<p><em>\u00a0\u00a0\u00a0\u00a0\u00a0\u00a0\u00a0\u00a0\u00a0\u00a0\u00a0\u00a0\u00a0\u00a0\u00a0\u00a0\u00a0\u00a0\u00a0\u00a0\u00a0\u00a0\u00a0\u00a0\u00a0\u00a0\u00a0\u00a0\u00a0\u00a0\u00a0\u00a0\u00a0\u00a0\u00a0 <\/em>(prof. dr. sc. Mladen PARLOV)<\/p>\n<p>&nbsp;<\/p>\n<p>11.00 \u2013 11.15 \u00a0\u00a0\u00a0\u00a0\u00a0\u00a0\u00a0\u00a0\u00a0\u00a0\u00a0\u00a0 Tematska rasprava<\/p>\n<p>&nbsp;<\/p>\n<p>11.15 \u2013 11.45\u00a0\u00a0\u00a0\u00a0\u00a0\u00a0\u00a0\u00a0\u00a0\u00a0\u00a0\u00a0\u00a0 Stanka<\/p>\n<p>&nbsp;<\/p>\n<p>11.45 \u2013 13.15\u00a0 \u00a0\u00a0\u00a0\u00a0\u00a0\u00a0\u00a0\u00a0\u00a0\u00a0\u00a0 Pedago\u0161ke radionice:<\/p>\n<p><strong>Kultura ustanove ranog i pred\u0161kolskog odgoja kroz u\u010denje \u017eivotnih vrijednosti i odgoj u vjeri<\/strong><\/p>\n<p><strong>\u00a0\u00a0\u00a0\u00a0\u00a0\u00a0\u00a0\u00a0\u00a0\u00a0\u00a0\u00a0\u00a0\u00a0\u00a0\u00a0\u00a0\u00a0\u00a0\u00a0\u00a0\u00a0\u00a0\u00a0\u00a0\u00a0\u00a0\u00a0\u00a0\u00a0\u00a0\u00a0\u00a0\u00a0\u00a0 <\/strong>(Voditeljice: Marijana Mrvelj i Tihana Su\u010di\u0107<strong>, <\/strong>DV Emaus, Trogir)<\/p>\n<p><strong>\u017divljenje i promicanje kr\u0161\u0107anskih vrijednosti u vrti\u0107kom i obiteljskom kontekstu<\/strong><\/p>\n<p><strong>\u00a0\u00a0\u00a0\u00a0\u00a0\u00a0\u00a0\u00a0\u00a0\u00a0\u00a0\u00a0\u00a0\u00a0\u00a0\u00a0\u00a0\u00a0\u00a0\u00a0\u00a0\u00a0\u00a0\u00a0\u00a0\u00a0\u00a0\u00a0\u00a0\u00a0\u00a0\u00a0\u00a0\u00a0\u00a0 <\/strong>(Voditeljice: Anamaria Rapi\u0107 i Maja Stipi\u0107<strong>, <\/strong>DV Emaus, Trogir)<\/p>\n<p>&nbsp;<\/p>\n<p>13.15 \u2013 13.30 \u00a0\u00a0\u00a0\u00a0\u00a0\u00a0\u00a0\u00a0\u00a0\u00a0\u00a0\u00a0 Stanka<\/p>\n<p>&nbsp;<\/p>\n<p>13.30 \u2013 15.00\u00a0 \u00a0\u00a0\u00a0\u00a0\u00a0\u00a0\u00a0\u00a0\u00a0\u00a0\u00a0 Pedago\u0161ke radionice (izmjena sudionika)<\/p>\n<p>&nbsp;<\/p>\n<p>15.00 \u2013 15.30\u00a0\u00a0\u00a0\u00a0\u00a0\u00a0\u00a0\u00a0\u00a0\u00a0\u00a0\u00a0\u00a0 Zavr\u0161na rasprava<\/p>\n<p>&nbsp;<\/p>\n<p>15.30 \u2013 16.00\u00a0\u00a0\u00a0\u00a0\u00a0\u00a0\u00a0\u00a0\u00a0\u00a0\u00a0\u00a0\u00a0 Pitanja, aktualnosti i zaklju\u010dci skupa<\/p>\n<p>Evaluacija skupa<\/p>\n<p><strong>\u00a0<\/strong><\/p>\n<p><strong>Mjesto odr\u017eavanja: <\/strong>Katoli\u010dki bogoslovni fakultet, Zrinsko-frankopanska 19, Split<\/p>\n","protected":false},"excerpt":{"rendered":"<p>Katehetski uredi Splitsko-makarske, Zadarske, \u0160ibenske, Hvarske i Dubrova\u010dke nad\/biskupije u suradnji s Agencijom za odgoj i obrazovanje \u2013 Podru\u017enica Split organiziraju Me\u0111ubiskupijski stru\u010dni skup za odgojiteljice u vjeri, koji \u0107e se odr\u017eati u subotu, 22. o\u017eujka 2025., na Katoli\u010dkom bogoslovnom fakultetu u Splitu.<\/p>\n","protected":false},"author":1,"featured_media":0,"comment_status":"closed","ping_status":"closed","sticky":false,"template":"","format":"standard","meta":{"footnotes":""},"categories":[1,73],"tags":[],"class_list":["post-7368","post","type-post","status-publish","format-standard","hentry","category-obavijesti-uncategorized","category-predskolski-odgoj"],"_links":{"self":[{"href":"https:\/\/www.katehetski.zadarskanadbiskupija.hr\/index.php?rest_route=\/wp\/v2\/posts\/7368","targetHints":{"allow":["GET"]}}],"collection":[{"href":"https:\/\/www.katehetski.zadarskanadbiskupija.hr\/index.php?rest_route=\/wp\/v2\/posts"}],"about":[{"href":"https:\/\/www.katehetski.zadarskanadbiskupija.hr\/index.php?rest_route=\/wp\/v2\/types\/post"}],"author":[{"embeddable":true,"href":"https:\/\/www.katehetski.zadarskanadbiskupija.hr\/index.php?rest_route=\/wp\/v2\/users\/1"}],"replies":[{"embeddable":true,"href":"https:\/\/www.katehetski.zadarskanadbiskupija.hr\/index.php?rest_route=%2Fwp%2Fv2%2Fcomments&post=7368"}],"version-history":[{"count":1,"href":"https:\/\/www.katehetski.zadarskanadbiskupija.hr\/index.php?rest_route=\/wp\/v2\/posts\/7368\/revisions"}],"predecessor-version":[{"id":7369,"href":"https:\/\/www.katehetski.zadarskanadbiskupija.hr\/index.php?rest_route=\/wp\/v2\/posts\/7368\/revisions\/7369"}],"wp:attachment":[{"href":"https:\/\/www.katehetski.zadarskanadbiskupija.hr\/index.php?rest_route=%2Fwp%2Fv2%2Fmedia&parent=7368"}],"wp:term":[{"taxonomy":"category","embeddable":true,"href":"https:\/\/www.katehetski.zadarskanadbiskupija.hr\/index.php?rest_route=%2Fwp%2Fv2%2Fcategories&post=7368"},{"taxonomy":"post_tag","embeddable":true,"href":"https:\/\/www.katehetski.zadarskanadbiskupija.hr\/index.php?rest_route=%2Fwp%2Fv2%2Ftags&post=7368"}],"curies":[{"name":"wp","href":"https:\/\/api.w.org\/{rel}","templated":true}]}}