{"id":727,"date":"2019-04-21T00:11:08","date_gmt":"2019-04-20T22:11:08","guid":{"rendered":"http:\/\/www.katehetski.zadarskanadbiskupija.hr\/?p=727"},"modified":"2019-09-22T19:18:13","modified_gmt":"2019-09-22T17:18:13","slug":"uskrsnuce-u-tvome-srcu","status":"publish","type":"post","link":"https:\/\/www.katehetski.zadarskanadbiskupija.hr\/?p=727","title":{"rendered":"USKRSNA \u010cESTITKA!"},"content":{"rendered":"<h2 style=\"text-align: center;\">Uskrsnu\u0107e u tvome srcu<\/h2>\n<p style=\"text-align: center;\">Ako si mrtav za svaku r<img loading=\"lazy\" decoding=\"async\" class=\"alignleft wp-image-728 \" title=\"1205492993-30-100\" src=\"http:\/\/www.katehetski.zadarskanadbiskupija.hr\/wp-content\/upLoads\/2012\/04\/1205492993-30-100.jpg\" alt=\"\" width=\"508\" height=\"407\" srcset=\"https:\/\/www.katehetski.zadarskanadbiskupija.hr\/wp-content\/upLoads\/2012\/04\/1205492993-30-100.jpg 588w, https:\/\/www.katehetski.zadarskanadbiskupija.hr\/wp-content\/upLoads\/2012\/04\/1205492993-30-100-300x240.jpg 300w\" sizes=\"auto, (max-width: 508px) 100vw, 508px\" \/>adost, za svaku ljubav, za svaku sre\u0107u, ako vi\u0161e ne mo\u017ee\u0161 vjerovati u sama sebe i u ljude: tada poku\u0161aj odlo\u017eiti sve to tmurno, mrsko, otrovno, mra\u010dno i pro\u010distiti sama sebe.<\/p>\n<p style=\"text-align: center;\">Ustani iz no\u0107i te svoje obeshrabrenosti i umornosti na smrt u jedno novo jutro puno sunca, puno ptica i cvije\u0107a. Probudi se iz zimskoga sna toga svoga nevesela bivstvovanja u novo prolje\u0107e.<\/p>\n<p style=\"text-align: center;\">Ustani! Bog je upisao uskrsnu\u0107e u svaki list svakoga stabla. Dakle sasvim sigurno i u tvoje siroma\u0161no ljudsko srce.<\/p>\n<p style=\"text-align: center;\">Obrati se k Bogu koji mo\u017ee probuditi na \u017eivot mrtvo srce, rastopiti led s tvoga smrznutoga srca i u\u010diniti ga sli\u010dnim svomu srcu, koje je Ljubav.<\/p>\n<p style=\"text-align: center;\">(iz knji\u017eice &#8220;Uskrs s Philom Bosmansom&#8221;)<\/p>\n<p style=\"text-align: center;\">SRETAN I BLAGOSLOVLJEN USKRS<\/p>\n<p style=\"text-align: center;\">svim dragim suradnicima i posjetiteljima na\u0161ih stranica!<\/p>\n","protected":false},"excerpt":{"rendered":"<p>Uskrsnu\u0107e u tvome srcu Ako si mrtav za svaku radost, za svaku ljubav, za svaku sre\u0107u, ako vi\u0161e ne mo\u017ee\u0161 vjerovati u sama sebe i u ljude: tada poku\u0161aj odlo\u017eiti sve to tmurno, mrsko, otrovno, mra\u010dno i pro\u010distiti sama sebe. Ustani iz no\u0107i te svoje obeshrabrenosti i umornosti na smrt u jedno novo jutro puno [&hellip;]<\/p>\n","protected":false},"author":1,"featured_media":728,"comment_status":"closed","ping_status":"closed","sticky":false,"template":"","format":"standard","meta":{"footnotes":""},"categories":[70],"tags":[],"class_list":["post-727","post","type-post","status-publish","format-standard","has-post-thumbnail","hentry","category-prigodno"],"_links":{"self":[{"href":"https:\/\/www.katehetski.zadarskanadbiskupija.hr\/index.php?rest_route=\/wp\/v2\/posts\/727","targetHints":{"allow":["GET"]}}],"collection":[{"href":"https:\/\/www.katehetski.zadarskanadbiskupija.hr\/index.php?rest_route=\/wp\/v2\/posts"}],"about":[{"href":"https:\/\/www.katehetski.zadarskanadbiskupija.hr\/index.php?rest_route=\/wp\/v2\/types\/post"}],"author":[{"embeddable":true,"href":"https:\/\/www.katehetski.zadarskanadbiskupija.hr\/index.php?rest_route=\/wp\/v2\/users\/1"}],"replies":[{"embeddable":true,"href":"https:\/\/www.katehetski.zadarskanadbiskupija.hr\/index.php?rest_route=%2Fwp%2Fv2%2Fcomments&post=727"}],"version-history":[{"count":13,"href":"https:\/\/www.katehetski.zadarskanadbiskupija.hr\/index.php?rest_route=\/wp\/v2\/posts\/727\/revisions"}],"predecessor-version":[{"id":5477,"href":"https:\/\/www.katehetski.zadarskanadbiskupija.hr\/index.php?rest_route=\/wp\/v2\/posts\/727\/revisions\/5477"}],"wp:featuredmedia":[{"embeddable":true,"href":"https:\/\/www.katehetski.zadarskanadbiskupija.hr\/index.php?rest_route=\/wp\/v2\/media\/728"}],"wp:attachment":[{"href":"https:\/\/www.katehetski.zadarskanadbiskupija.hr\/index.php?rest_route=%2Fwp%2Fv2%2Fmedia&parent=727"}],"wp:term":[{"taxonomy":"category","embeddable":true,"href":"https:\/\/www.katehetski.zadarskanadbiskupija.hr\/index.php?rest_route=%2Fwp%2Fv2%2Fcategories&post=727"},{"taxonomy":"post_tag","embeddable":true,"href":"https:\/\/www.katehetski.zadarskanadbiskupija.hr\/index.php?rest_route=%2Fwp%2Fv2%2Ftags&post=727"}],"curies":[{"name":"wp","href":"https:\/\/api.w.org\/{rel}","templated":true}]}}