{"id":5855,"date":"2020-02-19T10:06:19","date_gmt":"2020-02-19T09:06:19","guid":{"rendered":"http:\/\/www.katehetski.zadarskanadbiskupija.hr\/?p=5855"},"modified":"2022-02-16T10:14:51","modified_gmt":"2022-02-16T09:14:51","slug":"nadbiskupijska-vjeronaucna-olimpijada-2020","status":"publish","type":"post","link":"https:\/\/www.katehetski.zadarskanadbiskupija.hr\/?p=5855","title":{"rendered":"Nadbiskupijska vjeronau\u010dna olimpijada 2020."},"content":{"rendered":"\n<p><strong>\u017dUPANIJSKO\/NADBISKUPIJSKO NATJECANJE IZ\nVJERONAUKA<\/strong><\/p>\n\n\n\n<p><strong>VJERONAU\u010cNA OLIMPIJADA<\/strong><\/p>\n\n\n\n<p><strong>Ponedjeljak, 02. o\u017eujka 2020.<\/strong><\/p>\n\n\n\n<p><strong>Program natjecanja:<\/strong><\/p>\n\n\n\n<p><strong>9:00<\/strong>&nbsp;&nbsp;&nbsp;&nbsp;&nbsp;&nbsp;&nbsp;&nbsp;&nbsp;&nbsp;&nbsp;&nbsp;&nbsp;&nbsp;&nbsp;&nbsp; <strong>Okupljanje \u010dlanova Povjerenstva<\/strong><\/p>\n\n\n\n<p><strong>9:40<\/strong>&nbsp;&nbsp;&nbsp;&nbsp;&nbsp;&nbsp;&nbsp;&nbsp;&nbsp;&nbsp;&nbsp;&nbsp;&nbsp;&nbsp;&nbsp;&nbsp; <strong>Okupljanje vjerou\u010denika i mentora<\/strong><\/p>\n\n\n\n<p><strong>10:00 &#8211;\n10:40<\/strong>&nbsp;&nbsp; <strong>Prigodni program, otvorenje natjecanja i\nupute<\/strong> <\/p>\n\n\n\n<p><em>Sportska dvorana Klasi\u010dne gimnazije\nIvana Pavla II. s pravom javnosti<\/em><\/p>\n\n\n\n<p><strong>11:00 &#8211;\n11:45<\/strong>&nbsp;&nbsp; <strong>Pismeni dio<\/strong>: <strong>test<\/strong> <\/p>\n\n\n\n<p><em>Osnovne \u0161kole u Katoli\u010dkoj osnovnoj \u0161koli\n\u201eIvo Ma\u0161ina\u201c<\/em><\/p>\n\n\n\n<p><em>Srednje \u0161kole u Klasi\u010dnoj gimnaziji\nIvana Pavla II. s pravom javnosti<\/em><\/p>\n\n\n\n<p><strong>11:50<\/strong>&nbsp;&nbsp;&nbsp;&nbsp;&nbsp;&nbsp;&nbsp;&nbsp;&nbsp;&nbsp;&nbsp;&nbsp;&nbsp;&nbsp; <strong>Tombola<\/strong> <\/p>\n\n\n\n<p><em>Osnovne \u0161kole u dvorani Katoli\u010dke\nosnovne \u0161kole \u201eIvo Ma\u0161ina\u201c<\/em><\/p>\n\n\n\n<p><em>Srednje \u0161kole u sportskoj dvorani\nKlasi\u010dne gimnazije Ivana Pavla II.<\/em><\/p>\n\n\n\n<p><strong>12:10&nbsp;&nbsp;&nbsp;&nbsp;&nbsp;&nbsp;&nbsp;&nbsp;&nbsp;&nbsp;&nbsp;&nbsp;&nbsp;&nbsp; Okrjepa\nza natjecatelje<\/strong><\/p>\n\n\n\n<p><strong>&nbsp;&nbsp;&nbsp;&nbsp;&nbsp;&nbsp;&nbsp;&nbsp;&nbsp;&nbsp;&nbsp;&nbsp;&nbsp;&nbsp;&nbsp;&nbsp;&nbsp;&nbsp;&nbsp;&nbsp;&nbsp;&nbsp;&nbsp;&nbsp; <\/strong><em>Dvorana\nKatoli\u010dke osnovne \u0161kole \u201eIvo Ma\u0161ina\u201c<\/em><\/p>\n\n\n\n<p><strong>12:30 &#8211; 14:20&nbsp;&nbsp; Prigodni program za natjecatelje i mentore <\/strong><\/p>\n\n\n\n<p><strong>&nbsp;&nbsp;&nbsp;&nbsp;&nbsp;&nbsp;&nbsp;&nbsp;&nbsp;&nbsp;&nbsp;&nbsp;&nbsp;&nbsp;&nbsp;&nbsp;&nbsp;&nbsp;&nbsp;&nbsp;&nbsp;&nbsp;&nbsp;&nbsp;&nbsp;&nbsp;&nbsp;&nbsp;&nbsp;&nbsp; <\/strong><em>Posjet crkvi\nsv. \u0160ime, sv. Misa<\/em><\/p>\n\n\n\n<p><strong>Povjerenstvo &#8211; ispravljanje testova <\/strong><\/p>\n\n\n\n<p><em>Sve\u010dana dvorana Katoli\u010dke osnovne \u0161kole\n\u201eIvo Ma\u0161ina\u201c<\/em><\/p>\n\n\n\n<p><strong>14:25&nbsp;&nbsp;&nbsp;&nbsp;&nbsp;&nbsp;&nbsp;&nbsp;&nbsp;&nbsp;&nbsp;&nbsp;&nbsp;&nbsp; Objava\nprivremene ljestvice poretka <\/strong><\/p>\n\n\n\n<p><strong>14:30 &#8211; 15:00&nbsp;&nbsp; \u017dalbeni rok i uvid u\ntestove <\/strong><\/p>\n\n\n\n<p><strong>15:00&nbsp;&nbsp;&nbsp;&nbsp;&nbsp;&nbsp;&nbsp;&nbsp;&nbsp;&nbsp;&nbsp;&nbsp;&nbsp;&nbsp; Milijunak<\/strong> <\/p>\n\n\n\n<p><em>Usmeni dio natjecanja za prvih pet ekipa\nosnovnih i srednjih \u0161kola u sportskoj dvorani Klasi\u010dne gimnazije Ivana Pavla\nII. <\/em><\/p>\n\n\n\n<p><strong>15:30&nbsp;&nbsp;&nbsp;&nbsp;&nbsp;&nbsp;&nbsp;&nbsp;&nbsp;&nbsp;&nbsp;&nbsp;&nbsp;&nbsp; Objava kona\u010dne\nljestvice poretka <\/strong><\/p>\n\n\n\n<p><strong>Progla\u0161enje pobjedni\u010dkih ekipa osnovnih i srednjih \u0161kola<\/strong><\/p>\n\n\n\n<p><strong>Podjela priznanja i prigodnih nagrada<\/strong><\/p>\n\n\n\n<p>Predsjednice Povjerenstva:<\/p>\n\n\n\n<p>Ljiljana Elek <\/p>\n\n\n\n<p>Marijana Dellavia<\/p>\n\n\n\n<p><\/p>\n","protected":false},"excerpt":{"rendered":"<p>Natjecanje iz vjeronauka odr\u017eati \u0107e se 2.o\u017eujka 2020. u Klasi\u010dnoj gimnaziji Ivana Pavla II.  i u Katoli\u010dkoj osnovnoj \u0161koli \u201eIvo Ma\u0161ina\u201c u Zadru&#8230;.<\/p>\n","protected":false},"author":1,"featured_media":5858,"comment_status":"closed","ping_status":"closed","sticky":false,"template":"","format":"standard","meta":{"footnotes":""},"categories":[1,74],"tags":[],"class_list":["post-5855","post","type-post","status-publish","format-standard","has-post-thumbnail","hentry","category-obavijesti-uncategorized","category-upute-za-natjecanje"],"_links":{"self":[{"href":"https:\/\/www.katehetski.zadarskanadbiskupija.hr\/index.php?rest_route=\/wp\/v2\/posts\/5855","targetHints":{"allow":["GET"]}}],"collection":[{"href":"https:\/\/www.katehetski.zadarskanadbiskupija.hr\/index.php?rest_route=\/wp\/v2\/posts"}],"about":[{"href":"https:\/\/www.katehetski.zadarskanadbiskupija.hr\/index.php?rest_route=\/wp\/v2\/types\/post"}],"author":[{"embeddable":true,"href":"https:\/\/www.katehetski.zadarskanadbiskupija.hr\/index.php?rest_route=\/wp\/v2\/users\/1"}],"replies":[{"embeddable":true,"href":"https:\/\/www.katehetski.zadarskanadbiskupija.hr\/index.php?rest_route=%2Fwp%2Fv2%2Fcomments&post=5855"}],"version-history":[{"count":1,"href":"https:\/\/www.katehetski.zadarskanadbiskupija.hr\/index.php?rest_route=\/wp\/v2\/posts\/5855\/revisions"}],"predecessor-version":[{"id":5856,"href":"https:\/\/www.katehetski.zadarskanadbiskupija.hr\/index.php?rest_route=\/wp\/v2\/posts\/5855\/revisions\/5856"}],"wp:featuredmedia":[{"embeddable":true,"href":"https:\/\/www.katehetski.zadarskanadbiskupija.hr\/index.php?rest_route=\/wp\/v2\/media\/5858"}],"wp:attachment":[{"href":"https:\/\/www.katehetski.zadarskanadbiskupija.hr\/index.php?rest_route=%2Fwp%2Fv2%2Fmedia&parent=5855"}],"wp:term":[{"taxonomy":"category","embeddable":true,"href":"https:\/\/www.katehetski.zadarskanadbiskupija.hr\/index.php?rest_route=%2Fwp%2Fv2%2Fcategories&post=5855"},{"taxonomy":"post_tag","embeddable":true,"href":"https:\/\/www.katehetski.zadarskanadbiskupija.hr\/index.php?rest_route=%2Fwp%2Fv2%2Ftags&post=5855"}],"curies":[{"name":"wp","href":"https:\/\/api.w.org\/{rel}","templated":true}]}}