{"id":5842,"date":"2020-02-05T10:02:30","date_gmt":"2020-02-05T09:02:30","guid":{"rendered":"http:\/\/www.katehetski.zadarskanadbiskupija.hr\/?p=5842"},"modified":"2022-02-16T10:21:27","modified_gmt":"2022-02-16T09:21:27","slug":"lista-skola-koje-se-pozivaju-na-nadbiskupijsko-zupanijsko-natjecanje","status":"publish","type":"post","link":"https:\/\/www.katehetski.zadarskanadbiskupija.hr\/?p=5842","title":{"rendered":"LISTA OSNOVNIH \u0160KOLA ZA NADBISKUPIJSKO NATJECANJE"},"content":{"rendered":"\n<p class=\"has-text-align-center\"> Plasman na nadbiskupijsko NATJECANJE IZ VJERONAUKA &#8211; VJERONAU\u010cNU OLIMPIJADU 2020. GODINE ostvarilo je\u00a0<strong>10\u00a0prvoplasiranih ekipa osnovnih \u0161kola<\/strong><\/p>\n\n\n\n<figure class=\"wp-block-table\"><table class=\"\"><tbody><tr><td>\n  <strong>Rd. br.<\/strong>\n  <\/td><td>\n  <strong>Naziv \u0161kole<\/strong>\n  <\/td><td>\n  <strong>Mentor<\/strong>\n  <\/td><td>\n  <strong>Bodovi<\/strong>\n  <\/td><\/tr><tr><td>\n  01.\n  <\/td><td>\n  O\u0160 Smiljevac &#8211; Zadar\n  &nbsp;\n  <\/td><td>\n  Anica Gale\u0161i\u0107\n  <\/td><td>\n  343\n  <\/td><\/tr><tr><td>\n  02.\n  <\/td><td>\n  O\u0160 Bra\u0107a Ribar &#8211; Posedarje\n  &nbsp;\n  <\/td><td>\n  Anita Vedri\u0107 \n  &nbsp;\n  <\/td><td>\n  291\n  <\/td><\/tr><tr><td>\n  03.\n  <\/td><td>\n  O\u0160 Kistanje \u2013 Kistanje\n  &nbsp;\n  <\/td><td>\n  Mirjana Delonga\n  <\/td><td>\n  287\n  <\/td><\/tr><tr><td>\n  04.\n  <\/td><td>\n  O\u0160 Benkovac \u2013 Benkovac\n  &nbsp;\n  <\/td><td>\n  Mirjana Buljat\n  <\/td><td>\n  285\n  <\/td><\/tr><tr><td>\n  05.\n  <\/td><td>\n  O\u0160 Stjepana Radi\u0107a &#8211; Bibinje\n  &nbsp;\n  <\/td><td>\n  Marina Jeli\u0107\n  <\/td><td>\n  273\n  <\/td><\/tr><tr><td>\n  06.\n  <\/td><td>\n  O\u0160 Privlaka &#8211; Privlaka\n  <\/td><td>\n  Ankica Bla\u017eevi\u0107\n  <\/td><td>\n  252\n  <\/td><\/tr><tr><td>\n  07. \n  <\/td><td>\n  O\u0160 Zemunik &#8211; Zemunik\n  &nbsp;\n  <\/td><td>\n  Tomislav Paleka\n  <\/td><td>\n  215\n  <\/td><\/tr><tr><td>\n  08.\n  <\/td><td>\n  O\u0160 Bartula Ka\u0161i\u0107a &#8211; Zadar\n  &nbsp;\n  <\/td><td>\n  Jolida Klari\u0107 i Ana Kaji\u0107\n  &nbsp;\n  <\/td><td>\n  214\n  <\/td><\/tr><tr><td>\n  09.\n  <\/td><td>\n  O\u0160 Vladimira Nazora &#8211; \u0160kabrnja\n  &nbsp;\n  <\/td><td>\n  Anita \u017duni\u0107 &#8211; Rogi\u0107\n  <\/td><td>\n  205\n  <\/td><\/tr><tr><td>\n  10.\n  <\/td><td>\n  O\u0160 Sv. Filip i Jakov &#8211; Sv. Filip i Jakov \n  <\/td><td>\n  Gabriela Vodopija \n  &nbsp;\n  <\/td><td>\n  199\n  <\/td><\/tr><\/tbody><\/table><\/figure>\n\n\n\n<p>\u010cestitamo svim u\u010denicima i\nnjihovim mentorima na postignutom uspjehu, a vama zahvaljujemo na otvorenosti i\nsuradnji.<\/p>\n\n\n\n<p><strong>Predsjednica \u017dupanijskog povjerenstva<\/strong><\/p>\n\n\n\n<p><em>Marijana Dellavia, prof.<\/em><\/p>\n","protected":false},"excerpt":{"rendered":"<p>Plasman na nadbiskupijsko natjecanje ostvarilo je 10 prvoplasiranih ekipa osnovnih \u0161kola &#8230;.<\/p>\n","protected":false},"author":1,"featured_media":0,"comment_status":"closed","ping_status":"closed","sticky":false,"template":"","format":"standard","meta":{"footnotes":""},"categories":[1,91],"tags":[],"class_list":["post-5842","post","type-post","status-publish","format-standard","hentry","category-obavijesti-uncategorized","category-rezutlati-natjecanja"],"_links":{"self":[{"href":"https:\/\/www.katehetski.zadarskanadbiskupija.hr\/index.php?rest_route=\/wp\/v2\/posts\/5842","targetHints":{"allow":["GET"]}}],"collection":[{"href":"https:\/\/www.katehetski.zadarskanadbiskupija.hr\/index.php?rest_route=\/wp\/v2\/posts"}],"about":[{"href":"https:\/\/www.katehetski.zadarskanadbiskupija.hr\/index.php?rest_route=\/wp\/v2\/types\/post"}],"author":[{"embeddable":true,"href":"https:\/\/www.katehetski.zadarskanadbiskupija.hr\/index.php?rest_route=\/wp\/v2\/users\/1"}],"replies":[{"embeddable":true,"href":"https:\/\/www.katehetski.zadarskanadbiskupija.hr\/index.php?rest_route=%2Fwp%2Fv2%2Fcomments&post=5842"}],"version-history":[{"count":4,"href":"https:\/\/www.katehetski.zadarskanadbiskupija.hr\/index.php?rest_route=\/wp\/v2\/posts\/5842\/revisions"}],"predecessor-version":[{"id":5846,"href":"https:\/\/www.katehetski.zadarskanadbiskupija.hr\/index.php?rest_route=\/wp\/v2\/posts\/5842\/revisions\/5846"}],"wp:attachment":[{"href":"https:\/\/www.katehetski.zadarskanadbiskupija.hr\/index.php?rest_route=%2Fwp%2Fv2%2Fmedia&parent=5842"}],"wp:term":[{"taxonomy":"category","embeddable":true,"href":"https:\/\/www.katehetski.zadarskanadbiskupija.hr\/index.php?rest_route=%2Fwp%2Fv2%2Fcategories&post=5842"},{"taxonomy":"post_tag","embeddable":true,"href":"https:\/\/www.katehetski.zadarskanadbiskupija.hr\/index.php?rest_route=%2Fwp%2Fv2%2Ftags&post=5842"}],"curies":[{"name":"wp","href":"https:\/\/api.w.org\/{rel}","templated":true}]}}