{"id":5829,"date":"2020-02-03T14:19:24","date_gmt":"2020-02-03T13:19:24","guid":{"rendered":"http:\/\/www.katehetski.zadarskanadbiskupija.hr\/?p=5829"},"modified":"2020-02-03T14:33:49","modified_gmt":"2020-02-03T13:33:49","slug":"rezultati-skolskog-natjecanja-u-srednjim-skolama","status":"publish","type":"post","link":"https:\/\/www.katehetski.zadarskanadbiskupija.hr\/?p=5829","title":{"rendered":"Rezultati \u0161kolskog natjecanja iz vjeronauka  u srednjim \u0161kolama"},"content":{"rendered":"\n<h2 class=\"has-text-align-center wp-block-heading\">Kona\u010dna ljestvica poretka \u0161kolskog Natjecanja iz vjeronauka <\/h2>\n\n\n<p>\u0160kolska natjecanja iz vjeronauka za srednju \u0161kolu u Zadarskoj nadbiskupiji odr\u017eana su 29. sije\u010dnja 2020. godine. Tema natjecanja bila je: <strong>Sveti Vinko Paulski &#8211; apostol milosrdne ljubavi.\u00a0 <\/strong>Natjecanju je pristupilo 11 od 12 prijavljenih srednjih \u0161kola.<\/p>\n\n\n<figure class=\"wp-block-table\"><table class=\"\"><tbody><tr><td><br>Rd. br.  <\/td><td>\n  Naziv\n  \u0161kole\n  <\/td><td>\n  Mentor\n  <\/td><td>\n  Bodovi\n  <\/td><\/tr><tr><td>\n  01.\n  <\/td><td>\n  Medicinska \u0161kola Ante Kuzmani\u0107a &#8211; Zadar\n  <\/td><td>\n  s. Danijela Kova\u010devi\u0107\n  <\/td><td>\n  283\n  <\/td><\/tr><tr><td>\n  02.\n  <\/td><td>\n  Srednja \u0161kola kneza Branimira &#8211; Benkovac\n  <\/td><td>\n  Hrvoje O\u0161tri\u0107\n  <\/td><td>\n  252\n  <\/td><\/tr><tr><td>\n  03.\n  <\/td><td>Klasi\u010dna gimnazija Ivana Pavla II. s pravom javnosti &#8211; Zadar   <\/td><td>\n  Slava s. Viktorija Gad\u017ea\n  <\/td><td>\n  222\n  <\/td><\/tr><tr><td>\n  04.\n  <\/td><td>Gimnazija Jurja Barakovi\u0107a &#8211; Zadar   <\/td><td>\n  Slobodan \u0160ari\u0107\n  <\/td><td>\n  217\n  <\/td><\/tr><tr><td>\n  05.\n  <\/td><td>Srednja \u0161kola Obrovac &#8211; Obrovac   <\/td><td>\n  Martina Mari\u010di\u0107\n  <\/td><td>\n  192\n  <\/td><\/tr><tr><td>\n  06.\n  <\/td><td> S\u0160 Biograd &#8211; Biograd n\/m   \u00a0   <\/td><td>\n  Lucija Frani\u0107\n  <\/td><td>\n  182\n  <\/td><\/tr><tr><td>\n  07.\n  <\/td><td> Gimnazija Franje Petri\u0107a &#8211; Zadar   <\/td><td>\n  Marija Klanac &#8211; Jozi\u0107\n  <\/td><td>\n  161\n  <\/td><\/tr><tr><td>\n  08.\n  <\/td><td>\u0160kola primjenjene umjetnosti i dizajna &#8211;   Zadar   <\/td><td>\n  Anita \u0160erer &#8211; Matuli\u0107\n  <\/td><td>\n  160\n  <\/td><\/tr><tr><td>\n  09.\n  <\/td><td>Obrtni\u010dka \u0161kola Gojka Matuline &#8211; Zadar   <\/td><td>\n  Vesna \u010cirjak\n  <\/td><td>\n  146\n  <\/td><\/tr><tr><td>\n  10.\n  <\/td><td>Gimnazija Vladimira Nazora &#8211; Zadar   <\/td><td>\n  Ivan Kapovi\u0107\n  <\/td><td>\n  129\n  <\/td><\/tr><tr><td>\n  11.\n  <\/td><td>Pomorska \u0161kola &#8211; Zadar   \u00a0   <\/td><td>\n  Grgo Mi\u0161kovi\u0107\n  <\/td><td>\n  60\n  <\/td><\/tr><\/tbody><\/table><\/figure>\n\n\n\n<h2 class=\"has-text-align-center wp-block-heading\"> <\/h2>\n\n\n\n<p><\/p>\n","protected":false},"excerpt":{"rendered":"<p>\u0160kolska natjecanja iz vjeronauka za srednju \u0161kolu u Zadarskoj nadbiskupiji odr\u017eana su 29. sije\u010dnja 2020. godine. &#8230;<\/p>\n","protected":false},"author":1,"featured_media":5833,"comment_status":"closed","ping_status":"closed","sticky":false,"template":"","format":"standard","meta":{"footnotes":""},"categories":[1,91],"tags":[],"class_list":["post-5829","post","type-post","status-publish","format-standard","has-post-thumbnail","hentry","category-obavijesti-uncategorized","category-rezutlati-natjecanja"],"_links":{"self":[{"href":"https:\/\/www.katehetski.zadarskanadbiskupija.hr\/index.php?rest_route=\/wp\/v2\/posts\/5829","targetHints":{"allow":["GET"]}}],"collection":[{"href":"https:\/\/www.katehetski.zadarskanadbiskupija.hr\/index.php?rest_route=\/wp\/v2\/posts"}],"about":[{"href":"https:\/\/www.katehetski.zadarskanadbiskupija.hr\/index.php?rest_route=\/wp\/v2\/types\/post"}],"author":[{"embeddable":true,"href":"https:\/\/www.katehetski.zadarskanadbiskupija.hr\/index.php?rest_route=\/wp\/v2\/users\/1"}],"replies":[{"embeddable":true,"href":"https:\/\/www.katehetski.zadarskanadbiskupija.hr\/index.php?rest_route=%2Fwp%2Fv2%2Fcomments&post=5829"}],"version-history":[{"count":3,"href":"https:\/\/www.katehetski.zadarskanadbiskupija.hr\/index.php?rest_route=\/wp\/v2\/posts\/5829\/revisions"}],"predecessor-version":[{"id":5838,"href":"https:\/\/www.katehetski.zadarskanadbiskupija.hr\/index.php?rest_route=\/wp\/v2\/posts\/5829\/revisions\/5838"}],"wp:featuredmedia":[{"embeddable":true,"href":"https:\/\/www.katehetski.zadarskanadbiskupija.hr\/index.php?rest_route=\/wp\/v2\/media\/5833"}],"wp:attachment":[{"href":"https:\/\/www.katehetski.zadarskanadbiskupija.hr\/index.php?rest_route=%2Fwp%2Fv2%2Fmedia&parent=5829"}],"wp:term":[{"taxonomy":"category","embeddable":true,"href":"https:\/\/www.katehetski.zadarskanadbiskupija.hr\/index.php?rest_route=%2Fwp%2Fv2%2Fcategories&post=5829"},{"taxonomy":"post_tag","embeddable":true,"href":"https:\/\/www.katehetski.zadarskanadbiskupija.hr\/index.php?rest_route=%2Fwp%2Fv2%2Ftags&post=5829"}],"curies":[{"name":"wp","href":"https:\/\/api.w.org\/{rel}","templated":true}]}}