{"id":5502,"date":"2019-04-20T18:08:30","date_gmt":"2019-04-20T16:08:30","guid":{"rendered":"http:\/\/www.katehetski.zadarskanadbiskupija.hr\/?p=5502"},"modified":"2019-09-29T11:26:22","modified_gmt":"2019-09-29T09:26:22","slug":"odrzane-duhovne-vjezbe-za-vjeroucitelje","status":"publish","type":"post","link":"https:\/\/www.katehetski.zadarskanadbiskupija.hr\/?p=5502","title":{"rendered":"Odr\u017eane duhovne vje\u017ebe za vjerou\u010ditelje"},"content":{"rendered":"<p><a href=\"http:\/\/www.katehetski.zadarskanadbiskupija.hr\/wp-content\/upLoads\/2019\/04\/20190407_104005-1.jpg\"><img loading=\"lazy\" decoding=\"async\" class=\"alignnone wp-image-5503\" src=\"http:\/\/www.katehetski.zadarskanadbiskupija.hr\/wp-content\/upLoads\/2019\/04\/20190407_104005-1.jpg\" alt=\"\" width=\"704\" height=\"342\" srcset=\"https:\/\/www.katehetski.zadarskanadbiskupija.hr\/wp-content\/upLoads\/2019\/04\/20190407_104005-1.jpg 640w, https:\/\/www.katehetski.zadarskanadbiskupija.hr\/wp-content\/upLoads\/2019\/04\/20190407_104005-1-300x146.jpg 300w\" sizes=\"auto, (max-width: 704px) 100vw, 704px\" \/><\/a><\/p>\n<p style=\"text-align: center;\">Duhovne vje\u017ebe vjerou\u010ditelja Zadarske nadbiskupije<\/p>\n<p style=\"text-align: center;\">odr\u017eane od 5. do 7. travnja 2019. u ku\u0107i Kursilja Emaus na Krapnju<\/p>\n<p style=\"text-align: center;\">u franjeva\u010dkom samostanu sv. Kri\u017ea<\/p>\n<p>&nbsp;<\/p>\n<p>Duhovne vje\u017ebe za vjerou\u010ditelje zadarske nadbiskupije predvodio je don Igor Iki\u0107 i suradnici zajednice Kursiljo. Okupili smo se u petak u popodnevnim satima i upoznali doma\u0107ine. S programom smo po\u010deli odmah prvi dan.<\/p>\n<p>Don Igor i suradnici (Ante, Suzana, Ru\u017eica, Mirjana, Danijel i Klara, Kre\u0161o) u nagovorima su nas proveli kroz teme (Upoznaj sebe, Milost, Kr\u0161\u0107anin u svojoj Crkvi, Isus Krist, Sakramenti, Apostolat, Kralje\u017enica kr\u0161\u0107anstva, Kasko \u2013 prijateljska zajednica) koje \u010dine temelj duhovnosti Kursilja. Po\u0161tivali su \u010dinjenicu da ispred sebe imaju vjerou\u010ditelje koji imaju teolo\u0161ku izobrazbu te su uz osnovne teolo\u0161ke \u00a0misli naglasak stavili na konkretnim \u017eivotnim iskustvima i primjerima. Iz\u00a0 razgovora u manjim skupinama dalo se zaklju\u010diti da nam je takav pristup svima odgovarao. Kroz tri dana zajedno smo slu\u0161ali, promi\u0161ljali, razgovarali i molili. Zajedno smo sva tri dana sudjelovali u svetoj misi. Imali smo klanjaje i pokorni\u010dko bogoslu\u017eje nakon kojeg je uslijedila i osobna ispovijed. Dani su nam i slobodni trenutci \u00a0koji su poslu\u017eilli za osobnu molitvu i razmatranje, ali i zajedni\u0161tvo u razgovoru. Zavr\u0161ili smo u nedjelju u popodnevnim satima. Ku\u0107ama smo se uputili puni dojmova, radosni i \u201enapunjenih baterija\u201c.<\/p>\n<p>Don Igor je govore\u0107i o milosti spomenuo suze. Neznam jeli u pitanju milost, ali bilo je suza, suza od smijeha. Moram pohvaliti i kuharice koje su doprinijele da zajedni\u0161tvo oko stola bude u odli\u010dnoj atmosferi uz odli\u010dnu spizu. Za vrijeme duhovnih vje\u017ebi pozdravio nas je i don Andrija Vrane, duhovnik Kursilja za Hrvatsku. Ovim putem u ime svih sudionika zahvaljujem i na\u0161oj Nadbiskupiji na prilogu kojim je sudjelovala u financiranju duhovnih vje\u017ebi. Koliko nas je bilo? U odgovoru \u0107u se voditi onom evan\u0111eoskom \u201egdje su dvojica ili trojica sabrani u moje ime&#8230;.\u201c pa pustite ma\u0161ti na volju. Znam da su mnogi vjerou\u010ditelji imali \u017eelju sudjelovati u duhovnim vje\u017ebama, ali su bili sprije\u010deni razli\u010ditim razlozima. Ovom izvje\u0161\u0107u \u0107u dodati i nekoliko duhovno \u2013 duhovitih bisera koje su iznijele ove duhovne vje\u017ebe. Nadam se da \u0107e oni koji budu \u010ditali na taj na\u010din osjetiti da\u0161ak onog \u0161to smo mi \u017eivjeli proteklih nekoliko dana.<\/p>\n<p style=\"text-align: right;\">\u00a0\u00a0\u00a0\u00a0\u00a0\u00a0\u00a0\u00a0\u00a0\u00a0\u00a0\u00a0\u00a0\u00a0\u00a0\u00a0\u00a0\u00a0\u00a0\u00a0\u00a0\u00a0\u00a0\u00a0\u00a0\u00a0\u00a0\u00a0\u00a0\u00a0\u00a0\u00a0\u00a0\u00a0\u00a0\u00a0\u00a0\u00a0\u00a0\u00a0\u00a0\u00a0\u00a0\u00a0\u00a0\u00a0\u00a0\u00a0\u00a0\u00a0\u00a0\u00a0\u00a0\u00a0\u00a0\u00a0\u00a0\u00a0\u00a0\u00a0\u00a0\u00a0\u00a0\u00a0\u00a0\u00a0\u00a0\u00a0\u00a0\u00a0\u00a0\u00a0\u00a0\u00a0\u00a0\u00a0\u00a0\u00a0\u00a0\u00a0\u00a0\u00a0\u00a0\u00a0\u00a0 Izvje\u0161taj pripremila: Ivana Viduka<\/p>\n<p>&nbsp;<\/p>\n<table>\n<tbody>\n<tr>\n<td width=\"619\">&nbsp;<\/p>\n<p>Bog te prihva\u0107a u onomu \u0161to zna\u0161, \u0161to misli\u0161 i \u0161to jesi.<\/p>\n<p>Bog je do\u0161ao ljubiti, slu\u017eiti, a ne da biti u pravu.<\/p>\n<p>Lako je prona\u0107i duhovnika za duhovno vodstvo, ali za vodstvo u apostolatu to ide malo te\u017ee.<\/p>\n<p>Lo\u0161e je Bogu pristupati \u201ezemaljskim nao\u0107alama\u201c.<\/p>\n<p>Nema proro\u010dkog poziva bez poku\u0161aja bjega.<\/p>\n<p>Euharistija = dosjetljiva ljubav.<\/p>\n<p>Osje\u0107aji nisu dobar vo\u0111a, ali mogu biti dobro gorivo.<\/p>\n<p>Otkrivanje tko jesam je trajno i duboko oranje.<\/p>\n<p>Dr\u017ei do sebe (ravnokotraska)<\/p>\n<p>Bru\u0161kin za mozak (nova definicij TV-a)<\/p>\n<p>Sv. Petar je <strong>skoro<\/strong> pa Dalmatinac.<\/p>\n<p>I pu\u017eevi nakon ki\u0161te mogu biti jako zabavni, ali o tom nekom drugom prigodom.<\/p>\n<p>&nbsp;<\/td>\n<\/tr>\n<\/tbody>\n<\/table>\n<p><a href=\"http:\/\/www.katehetski.zadarskanadbiskupija.hr\/wp-content\/upLoads\/2019\/04\/duh-2019-vjezbe.jpg\"><img loading=\"lazy\" decoding=\"async\" class=\"alignnone wp-image-5504\" src=\"http:\/\/www.katehetski.zadarskanadbiskupija.hr\/wp-content\/upLoads\/2019\/04\/duh-2019-vjezbe.jpg\" alt=\"\" width=\"685\" height=\"333\" srcset=\"https:\/\/www.katehetski.zadarskanadbiskupija.hr\/wp-content\/upLoads\/2019\/04\/duh-2019-vjezbe.jpg 640w, https:\/\/www.katehetski.zadarskanadbiskupija.hr\/wp-content\/upLoads\/2019\/04\/duh-2019-vjezbe-300x146.jpg 300w\" sizes=\"auto, (max-width: 685px) 100vw, 685px\" \/><\/a><\/p>\n","protected":false},"excerpt":{"rendered":"<p>Duhovne vje\u017ebe za vjerou\u010ditelje zadarske nadbiskupije predvodio je don Igor Iki\u0107 i suradnici zajednice Kursiljo. Desetak vjerou\u010ditelja okupilo se u petak u popodnevnim satima te je nakon upoznavanje doma\u0107ina zapo\u010deo sam program&#8230;.. <\/p>\n","protected":false},"author":1,"featured_media":0,"comment_status":"closed","ping_status":"closed","sticky":false,"template":"","format":"standard","meta":{"footnotes":""},"categories":[27],"tags":[],"class_list":["post-5502","post","type-post","status-publish","format-standard","hentry","category-dogadanja-uncategorized"],"_links":{"self":[{"href":"https:\/\/www.katehetski.zadarskanadbiskupija.hr\/index.php?rest_route=\/wp\/v2\/posts\/5502","targetHints":{"allow":["GET"]}}],"collection":[{"href":"https:\/\/www.katehetski.zadarskanadbiskupija.hr\/index.php?rest_route=\/wp\/v2\/posts"}],"about":[{"href":"https:\/\/www.katehetski.zadarskanadbiskupija.hr\/index.php?rest_route=\/wp\/v2\/types\/post"}],"author":[{"embeddable":true,"href":"https:\/\/www.katehetski.zadarskanadbiskupija.hr\/index.php?rest_route=\/wp\/v2\/users\/1"}],"replies":[{"embeddable":true,"href":"https:\/\/www.katehetski.zadarskanadbiskupija.hr\/index.php?rest_route=%2Fwp%2Fv2%2Fcomments&post=5502"}],"version-history":[{"count":2,"href":"https:\/\/www.katehetski.zadarskanadbiskupija.hr\/index.php?rest_route=\/wp\/v2\/posts\/5502\/revisions"}],"predecessor-version":[{"id":5506,"href":"https:\/\/www.katehetski.zadarskanadbiskupija.hr\/index.php?rest_route=\/wp\/v2\/posts\/5502\/revisions\/5506"}],"wp:attachment":[{"href":"https:\/\/www.katehetski.zadarskanadbiskupija.hr\/index.php?rest_route=%2Fwp%2Fv2%2Fmedia&parent=5502"}],"wp:term":[{"taxonomy":"category","embeddable":true,"href":"https:\/\/www.katehetski.zadarskanadbiskupija.hr\/index.php?rest_route=%2Fwp%2Fv2%2Fcategories&post=5502"},{"taxonomy":"post_tag","embeddable":true,"href":"https:\/\/www.katehetski.zadarskanadbiskupija.hr\/index.php?rest_route=%2Fwp%2Fv2%2Ftags&post=5502"}],"curies":[{"name":"wp","href":"https:\/\/api.w.org\/{rel}","templated":true}]}}