{"id":5484,"date":"2019-04-29T16:55:00","date_gmt":"2019-04-29T14:55:00","guid":{"rendered":"http:\/\/www.katehetski.zadarskanadbiskupija.hr\/?p=5484"},"modified":"2019-04-29T17:31:11","modified_gmt":"2019-04-29T15:31:11","slug":"simpozij-teolosko-katehetskog-odjela-sveucilista-u-zadru-za-vjeroucitelje-zadarske-nadbiskupije","status":"publish","type":"post","link":"https:\/\/www.katehetski.zadarskanadbiskupija.hr\/?p=5484","title":{"rendered":"Simpozij Teolo\u0161ko-katehetskog odjela Sveu\u010dili\u0161ta u Zadru za vjerou\u010ditelje Zadarske nadbiskupije"},"content":{"rendered":"<p>&nbsp;<\/p>\n<p style=\"font-weight: 400;\"><a href=\"http:\/\/www.katehetski.zadarskanadbiskupija.hr\/wp-content\/upLoads\/2019\/04\/plakat_simpozij_A3_najnovije-za-web.jpg\"><img loading=\"lazy\" decoding=\"async\" class=\"alignnone size-full wp-image-5485\" src=\"http:\/\/www.katehetski.zadarskanadbiskupija.hr\/wp-content\/upLoads\/2019\/04\/plakat_simpozij_A3_najnovije-za-web.jpg\" alt=\"\" width=\"683\" height=\"1000\" srcset=\"https:\/\/www.katehetski.zadarskanadbiskupija.hr\/wp-content\/upLoads\/2019\/04\/plakat_simpozij_A3_najnovije-za-web.jpg 683w, https:\/\/www.katehetski.zadarskanadbiskupija.hr\/wp-content\/upLoads\/2019\/04\/plakat_simpozij_A3_najnovije-za-web-205x300.jpg 205w\" sizes=\"auto, (max-width: 683px) 100vw, 683px\" \/><\/a><\/p>\n<p style=\"font-weight: 400;\">\u201eSimpozij na temu \u201eOdgoj i obrazovanje kao novi\u00a0<em>locus theologicus<\/em>\u00a0evangelizacije\u201c odr\u017eat \u0107e se 9. \u2013 10. svibnja 2019. u prostorijama Nadbiskupskog sjemeni\u0161ta \u201eZmajevi\u0107\u201c (Trg sv. Sto\u0161ije 2, Zadar) s po\u010detkom u 15.00 sati.<\/p>\n<p style=\"font-weight: 400;\">Simpozij se odr\u017eava u suorganizaciji s Agencijom za odgoj i obrazovanje i objavljen je na\u00a0http:\/\/ettaedu.azoo.hr\/\u00a0aplikaciji. Prijave na Simpozij bit \u0107e otvorene na navedenoj aplikaciji do 8. svibnja 2019. godine. Prijaviti se mo\u017eete klikom\u00a0<a href=\"http:\/\/ettaedu.azoo.hr\/login.aspx?ReturnUrl=%2f\" target=\"_blank\" rel=\"noopener\">ovjde<\/a><\/p>\n<p style=\"font-weight: 400;\">Katehetski ured preporu\u010duje svim vjerou\u010diteljima da prema svojim mogu\u0107nostima sudjeluju na ovom teolo\u0161kom simpoziju. Napominjemo, budu\u0107i da se radi o radnim danima (\u010detvrtak i petak), vjerou\u010ditelji ne mogu tra\u017eiti izuze\u0107e od nastave, nego ih poti\u010demo i pozivamo da sudjeluju u prijepodnevnom ili poslijepodnevnom dijelu programa, ovisno kada tog dana imaju nastavu.\u201c<\/p>\n<p><a href=\"http:\/\/www.katehetski.zadarskanadbiskupija.hr\/wp-content\/upLoads\/2019\/04\/letak_simpozij_vanjska_najnovije-za-web.jpg\"><img loading=\"lazy\" decoding=\"async\" class=\"alignnone size-large wp-image-5486\" src=\"http:\/\/www.katehetski.zadarskanadbiskupija.hr\/wp-content\/upLoads\/2019\/04\/letak_simpozij_vanjska_najnovije-za-web-1024x726.jpg\" alt=\"\" width=\"756\" height=\"536\" srcset=\"https:\/\/www.katehetski.zadarskanadbiskupija.hr\/wp-content\/upLoads\/2019\/04\/letak_simpozij_vanjska_najnovije-za-web-1024x726.jpg 1024w, https:\/\/www.katehetski.zadarskanadbiskupija.hr\/wp-content\/upLoads\/2019\/04\/letak_simpozij_vanjska_najnovije-za-web-300x213.jpg 300w, https:\/\/www.katehetski.zadarskanadbiskupija.hr\/wp-content\/upLoads\/2019\/04\/letak_simpozij_vanjska_najnovije-za-web-768x545.jpg 768w, https:\/\/www.katehetski.zadarskanadbiskupija.hr\/wp-content\/upLoads\/2019\/04\/letak_simpozij_vanjska_najnovije-za-web.jpg 1410w\" sizes=\"auto, (max-width: 756px) 100vw, 756px\" \/><\/a><\/p>\n<p><a href=\"http:\/\/www.katehetski.zadarskanadbiskupija.hr\/wp-content\/upLoads\/2019\/04\/letak_simpozij_unutarnja_najnovije-za-web.jpg\"><img loading=\"lazy\" decoding=\"async\" class=\"alignnone size-large wp-image-5487\" src=\"http:\/\/www.katehetski.zadarskanadbiskupija.hr\/wp-content\/upLoads\/2019\/04\/letak_simpozij_unutarnja_najnovije-za-web-1024x726.jpg\" alt=\"\" width=\"756\" height=\"536\" srcset=\"https:\/\/www.katehetski.zadarskanadbiskupija.hr\/wp-content\/upLoads\/2019\/04\/letak_simpozij_unutarnja_najnovije-za-web-1024x726.jpg 1024w, https:\/\/www.katehetski.zadarskanadbiskupija.hr\/wp-content\/upLoads\/2019\/04\/letak_simpozij_unutarnja_najnovije-za-web-300x213.jpg 300w, https:\/\/www.katehetski.zadarskanadbiskupija.hr\/wp-content\/upLoads\/2019\/04\/letak_simpozij_unutarnja_najnovije-za-web-768x545.jpg 768w, https:\/\/www.katehetski.zadarskanadbiskupija.hr\/wp-content\/upLoads\/2019\/04\/letak_simpozij_unutarnja_najnovije-za-web.jpg 1410w\" sizes=\"auto, (max-width: 756px) 100vw, 756px\" \/><\/a><\/p>\n","protected":false},"excerpt":{"rendered":"<p>&nbsp; \u201eSimpozij na temu \u201eOdgoj i obrazovanje kao novi\u00a0locus theologicus\u00a0evangelizacije\u201c odr\u017eat \u0107e se 9. \u2013 10. svibnja 2019. u prostorijama Nadbiskupskog sjemeni\u0161ta \u201eZmajevi\u0107\u201c (Trg sv. Sto\u0161ije 2, Zadar) s po\u010detkom u 15.00 sati. Simpozij se odr\u017eava u suorganizaciji s Agencijom za odgoj i obrazovanje i objavljen je na\u00a0http:\/\/ettaedu.azoo.hr\/\u00a0aplikaciji. Prijave na Simpozij bit \u0107e otvorene na [&hellip;]<\/p>\n","protected":false},"author":1,"featured_media":5485,"comment_status":"closed","ping_status":"closed","sticky":false,"template":"","format":"standard","meta":{"footnotes":""},"categories":[1],"tags":[],"class_list":["post-5484","post","type-post","status-publish","format-standard","has-post-thumbnail","hentry","category-obavijesti-uncategorized"],"_links":{"self":[{"href":"https:\/\/www.katehetski.zadarskanadbiskupija.hr\/index.php?rest_route=\/wp\/v2\/posts\/5484","targetHints":{"allow":["GET"]}}],"collection":[{"href":"https:\/\/www.katehetski.zadarskanadbiskupija.hr\/index.php?rest_route=\/wp\/v2\/posts"}],"about":[{"href":"https:\/\/www.katehetski.zadarskanadbiskupija.hr\/index.php?rest_route=\/wp\/v2\/types\/post"}],"author":[{"embeddable":true,"href":"https:\/\/www.katehetski.zadarskanadbiskupija.hr\/index.php?rest_route=\/wp\/v2\/users\/1"}],"replies":[{"embeddable":true,"href":"https:\/\/www.katehetski.zadarskanadbiskupija.hr\/index.php?rest_route=%2Fwp%2Fv2%2Fcomments&post=5484"}],"version-history":[{"count":7,"href":"https:\/\/www.katehetski.zadarskanadbiskupija.hr\/index.php?rest_route=\/wp\/v2\/posts\/5484\/revisions"}],"predecessor-version":[{"id":5495,"href":"https:\/\/www.katehetski.zadarskanadbiskupija.hr\/index.php?rest_route=\/wp\/v2\/posts\/5484\/revisions\/5495"}],"wp:featuredmedia":[{"embeddable":true,"href":"https:\/\/www.katehetski.zadarskanadbiskupija.hr\/index.php?rest_route=\/wp\/v2\/media\/5485"}],"wp:attachment":[{"href":"https:\/\/www.katehetski.zadarskanadbiskupija.hr\/index.php?rest_route=%2Fwp%2Fv2%2Fmedia&parent=5484"}],"wp:term":[{"taxonomy":"category","embeddable":true,"href":"https:\/\/www.katehetski.zadarskanadbiskupija.hr\/index.php?rest_route=%2Fwp%2Fv2%2Fcategories&post=5484"},{"taxonomy":"post_tag","embeddable":true,"href":"https:\/\/www.katehetski.zadarskanadbiskupija.hr\/index.php?rest_route=%2Fwp%2Fv2%2Ftags&post=5484"}],"curies":[{"name":"wp","href":"https:\/\/api.w.org\/{rel}","templated":true}]}}