{"id":5446,"date":"2019-03-06T10:15:21","date_gmt":"2019-03-06T09:15:21","guid":{"rendered":"http:\/\/www.katehetski.zadarskanadbiskupija.hr\/?p=5446"},"modified":"2019-03-06T10:15:37","modified_gmt":"2019-03-06T09:15:37","slug":"poruka-pape-franje-za-korizmu-2019","status":"publish","type":"post","link":"https:\/\/www.katehetski.zadarskanadbiskupija.hr\/?p=5446","title":{"rendered":"Poruka pape Franje za korizmu 2019."},"content":{"rendered":"<div class=\"page_content\">\n<div style=\"text-align: center;\"><strong>\u00bbDoista, stvorenje sa svom \u017eudnjom i\u0161\u010dekuje ovo objavljenje sinova Bo\u017ejih\u00ab (Rim 8, 19)<\/strong><\/div>\n<div><\/div>\n<p>Draga bra\u0107o i sestre,<\/p>\n<p>svake godine Bog nam, po Majci Crkvi, daje \u00bbda radosno \u010dekamo vazmene blagdane, pokorom \u010distimo du\u0161u, revnije se molimo i vr\u0161imo djela ljubavi te nas primanjem svetih otajstava obdari svojim bo\u017eanskim \u017eivotom\u00ab (Predslovlje korizmeno, I). Na taj na\u010din mo\u017eemo, od Uskrsa do Uskrsa, kro\u010diti prema dovr\u0161etku onog spasenja koje smo ve\u0107 primili kao plod Kristovog vazmenog otajstva: \u00bbta u nadi smo spa\u0161eni\u00ab (Rim 8, 24). Ovo otajstvo spasenja, koje ve\u0107 djeluje u nama tijekom zemaljskog \u017eivota, dinami\u010dan je proces u koji su uklju\u010deni tako\u0111er povijest i sve stvoreno. Sveti Pavao ide tako daleko da tvrdi: \u00bbstvorenje sa svom \u017eudnjom i\u0161\u010dekuje ovo objavljenje sinova Bo\u017ejih\u00ab (Rim 8, 19). U vezi s tim \u017eelim ponuditi nekoliko razmi\u0161ljanja da nas prate na na\u0161em putu obra\u0107enja u predstoje\u0107oj korizmi.<\/p>\n<p><strong>1. Otkupljenje stvorenog svijeta<\/strong><\/p>\n<p>Proslava Vazmenog trodnevlja Kristove muke, smrti i uskrsnu\u0107a, taj vrhunac liturgijske godine, svake nas godine poziva na put priprave, svjesni da je na\u0161e suobli\u010davanje Kristu (usp. Rim 8, 29) neprocjenjiv dar Bo\u017ejeg milosr\u0111a.<\/p>\n<p>Ako \u010dovjek \u017eivi kao Bo\u017eje dijete, ako \u017eivi kao otkupljena osoba, koja dopu\u0161ta Duhu Svetom da je vodi (usp. Rim 8, 14) i zna spoznati i provoditi u djelo Bo\u017eji zakon, po\u010dev\u0161i od zakona upisanog u svom srcu i prirodi, on \u010dini dobro tako\u0111er svemu stvorenom sura\u0111uju\u0107i u njegovu otkupljenju. Zato sveti Pavao ka\u017ee da stvorenje ima kao neku vrlo sna\u017enu \u017eelju za objavljenjem Bo\u017eje djece; naime, da svi oni koji u\u017eivaju milost Isusova vazmenog otajstva do\u010dekaju njegove pune plodove koji \u0107e potpuno dozrjeti u otkupljenju samoga ljudskog tijela. Kad Kristova ljubav preobrazi \u017eivote svetih u duhu, tijelu i du\u0161i, oni daju slavu Bogu te svojom molitvom, kontemplacijom i stvarala\u0161tvom uklju\u010duju i druge stvorove u tu hvalu, kao \u0161to to na divan na\u010din pokazuje \u201cPjesma brata Sunca\u201d sv. Franje Asi\u0161kog (usp. enc. Laudato si&#8217;, 87). Ali sklad nastao otkupljenjem u ovome je svijetu neprestano izlo\u017een prijetnji negativne mo\u0107i grijeha i smrti.<\/p>\n<p><strong>2. Razorna mo\u0107 grijeha<\/strong><\/p>\n<p>Naime, kad ne \u017eivimo kao djeca Bo\u017eja \u010desto se pona\u0161amo destruktivno prema na\u0161im bli\u017enjima i drugim stvorovima \u2013 pa i prema sebi samima \u2013 budu\u0107i da po\u010dinjemo, vi\u0161e ili manje svjesno, dr\u017eati da mo\u017eemo s njima \u010diniti sve \u0161to nam je volja. U nama tad prevlada neumjerenost: po\u010dinjemo \u017eivjeti \u017eivotom kojim se kr\u0161e granice koje na\u0161e ljudsko stanje i sama priroda tra\u017ee da po\u0161tujemo i povoditi se za onim neobuzdanim \u017eeljama koje se u Knjizi Mudrosti pripisuju bezbo\u017enicima, to jest onima koji u svojim djelovanjima ne misle na Boga i nemaju budu\u0107e nade (usp. 2, 1-11). Ako nismo trajno usmjereni prema Uskrsu, prema obzoru uskrsnu\u0107a kao cilju, jasno je da se na kraju po\u010dne nametati logika izra\u017eena u sloganima: \u017eelim sve i to odmah i ma koliko imao to mi nije dosta.<\/p>\n<p>Korijen je svakoga zla, kao \u0161to znamo, grijeh, koji je od prvog trenutka kad se pojavio me\u0111u ljudima prekinuo na\u0161e zajedni\u0161tvo s Bogom, s drugima i sa samim stvorenim svijetom, s kojim smo na odre\u0111eni na\u010din povezani svojim tijelom. Raskidanjem zajedni\u0161tva s Bogom naru\u0161en je tako\u0111er na\u0161 skladni odnos s okolinom u kojoj smo pozvani \u017eivjeti, tako da se vrt pretvorio u pustinju (usp. Post 3, 17-18). Grijeh vodi \u010dovjeka do toga da se po\u010dinje smatrati bogom svih stvorova, da se do\u017eivljava njihovim apsolutnim gospodarem i da ih ne koristi za onu svrhu koju je htio Stvoritelj, nego za vlastite interese, na \u0161tetu stvorova i drugih ljudi.<\/p>\n<p>Kad se napusti Bo\u017eji zakon, zakon ljubavi, tada prevlada zakon ja\u010dega. Grijeh koji prebiva u ljudskome srcu (usp. Mk 7, 20-23) i o\u010dituje se kao pohlepnost i neobuzdana \u017eudnja za \u017eivotom u obilju, nebrige za dobro drugih, a \u010desto i za vlastito, vodi do izrabljivanja stvorenoga svijeta, osoba i okoli\u0161a, uslijed one nezasitne pohlepe u kojoj se svaku \u017eelju smatra pr\u00e1vom i koja prije ili kasnije uni\u0161tava onoga kojim ovlada.<\/p>\n<p><strong>3. Ozdravljuju\u0107a mo\u0107 pokajanja i opra\u0161tanja<\/strong><\/p>\n<p>Stvorenom je svijetu, stoga, prijeko potrebna objava djece Bo\u017eje, onih koji su postali \u201cnovi stvor\u201d. \u00bbJe li tko u Kristu, nov je stvor. Staro uminu, novo, gle, nasta!\u00ab (2 Kor 5, 17). Naime, zahvaljuju\u0107i njihovu objavljenju i sam stvoreni svijet mo\u017ee \u201csvetkovati Vazam\u201d: otvoriti se, naime, novom nebu i novoj zemlji (usp. Otk 21, 1). A hod prema Uskrsu upravo nas poziva da obnovimo svoje kr\u0161\u0107ansko lice i srce pokajanjem, obra\u0107enjem i opra\u0161tanjem kako bismo mogli u punini do\u017eivjeti bogatstvo milosti vazmenog otajstva.<\/p>\n<p>Ta \u201c\u017eudnja\u201d, to i\u0161\u010dekivanje svega stvorenoga ispunit \u0107e se o objavljenju sinova Bo\u017ejih, to jest kad se kr\u0161\u0107ani i svi ljudi sa svom odlu\u010dno\u0161\u0107u prepuste \u201cporo\u0111ajnim bolima\u201d koje sa sobom nosi obra\u0107enje. Svekoliko je stvorenje pozvano, zajedno s nama, izbaviti se iz \u00bbrobovanja pokvarljivosti da sudjeluje u slobodi i slavi djece Bo\u017eje\u00ab (Rim 8, 21). Korizma je sakramentalni znak ovog obra\u0107enja. Ona poziva kr\u0161\u0107ane da dublje i konkretnije otjelovljuju vazmeno otajstvo u svom osobnom, obiteljskom i dru\u0161tvenom \u017eivotu, i to prije svega postom, molitvom i milostinjom.<\/p>\n<p>Post nas u\u010di mijenjati na\u0161 stav prema drugima i svemu stvorenom. Moramo se kloniti napasti da \u201cpro\u017ediremo\u201d sve kako bi zadovoljili svoju nezasitnost i biti spremni trpjeti zbog ljubavi, koja mo\u017ee ispuniti prazninu na\u0161ih srca. Molitva nas u\u010di odricati se idolopoklonstva i samodostatnosti na\u0161eg ega i priznati da trebamo Gospodina i njegovu milost. Davanjem milostinje izbjegavamo bezumno zgrtanje svega \u0161to nam padne pod ruku u iluzornom uvjerenju da mo\u017eemo osigurati budu\u0107nost koja nam ne pripada. I tako \u0107emo ponovno otkriti radost nauma koji Bog ima za stvorenje i za svakoga od nas, a to je da ljubimo Njega, na\u0161u bra\u0107u i sestre i \u010ditav svijet, i da u toj ljubavi prona\u0111emo na\u0161u pravu sre\u0107u.<\/p>\n<p>Draga bra\u0107o i sestre, \u201ckorizmeno\u201d razdoblje od \u010detrdeset dana koje je Sin Bo\u017eji proveo u pustinji stvaranja imalo je za cilj ponovno tu pustinju pretvoriti u onaj vrt zajedni\u0161tva s Bogom koji je postojao prije isto\u010dnoga grijeha (usp. Mk 1, 12-13, Iz 51, 3). Neka na\u0161a korizma ove godine bude putovanje tim istim putem, donose\u0107i Kristovu nadu tako\u0111er svemu stvorenom, kako bi se \u00bboslobodi[lo] robovanja pokvarljivosti da sudjeluje u slobodi i slavi djece Bo\u017eje\u00ab (Rim 8, 21). Ne dopustimo da to milosno vrijeme pro\u0111e uzalud! Molimo Boga da nam pomogne krenuti na put istinskog obra\u0107enja. Odbacimo svoju sebi\u010dnost i zaokupljenost samima sobom i okrenimo se Isusovu Vazmu. Budimo blizu na\u0161oj bra\u0107i i sestrama u nevolji, dijele\u0107i s njima na\u0161a duhovna i materijalna dobra. Na taj na\u010din, konkretnim prihva\u0107anjem Kristove pobjede nad grijehom i smr\u0107u u svome \u017eivotu, njezinu \u0107emo mo\u0107 preobrazbe i\u017earavati na sve stvoreno.<\/p>\n<p>Iz Vatikana, 4 listopada 2018.,<br \/>\nBlagdan sv. Franje Asi\u0161kog<\/p>\n<\/div>\n<div><\/div>\n<div style=\"text-align: center;\">(preuzeto sa: http:\/\/www.zg-nadbiskupija.hr\/dokumenti\/rijec-svetog-oca\/poruka-pape-franje-za-korizmu-2019)<\/div>\n","protected":false},"excerpt":{"rendered":"<p>Draga bra\u0107o i sestre, \u201ckorizmeno\u201d razdoblje od \u010detrdeset dana koje je Sin Bo\u017eji proveo u pustinji stvaranja imalo je za cilj ponovno tu pustinju pretvoriti u onaj vrt zajedni\u0161tva s Bogom koji je postojao prije isto\u010dnoga grijeha&#8230;<\/p>\n","protected":false},"author":1,"featured_media":4119,"comment_status":"closed","ping_status":"closed","sticky":false,"template":"","format":"standard","meta":{"footnotes":""},"categories":[1,70],"tags":[],"class_list":["post-5446","post","type-post","status-publish","format-standard","has-post-thumbnail","hentry","category-obavijesti-uncategorized","category-prigodno"],"_links":{"self":[{"href":"https:\/\/www.katehetski.zadarskanadbiskupija.hr\/index.php?rest_route=\/wp\/v2\/posts\/5446","targetHints":{"allow":["GET"]}}],"collection":[{"href":"https:\/\/www.katehetski.zadarskanadbiskupija.hr\/index.php?rest_route=\/wp\/v2\/posts"}],"about":[{"href":"https:\/\/www.katehetski.zadarskanadbiskupija.hr\/index.php?rest_route=\/wp\/v2\/types\/post"}],"author":[{"embeddable":true,"href":"https:\/\/www.katehetski.zadarskanadbiskupija.hr\/index.php?rest_route=\/wp\/v2\/users\/1"}],"replies":[{"embeddable":true,"href":"https:\/\/www.katehetski.zadarskanadbiskupija.hr\/index.php?rest_route=%2Fwp%2Fv2%2Fcomments&post=5446"}],"version-history":[{"count":2,"href":"https:\/\/www.katehetski.zadarskanadbiskupija.hr\/index.php?rest_route=\/wp\/v2\/posts\/5446\/revisions"}],"predecessor-version":[{"id":5448,"href":"https:\/\/www.katehetski.zadarskanadbiskupija.hr\/index.php?rest_route=\/wp\/v2\/posts\/5446\/revisions\/5448"}],"wp:featuredmedia":[{"embeddable":true,"href":"https:\/\/www.katehetski.zadarskanadbiskupija.hr\/index.php?rest_route=\/wp\/v2\/media\/4119"}],"wp:attachment":[{"href":"https:\/\/www.katehetski.zadarskanadbiskupija.hr\/index.php?rest_route=%2Fwp%2Fv2%2Fmedia&parent=5446"}],"wp:term":[{"taxonomy":"category","embeddable":true,"href":"https:\/\/www.katehetski.zadarskanadbiskupija.hr\/index.php?rest_route=%2Fwp%2Fv2%2Fcategories&post=5446"},{"taxonomy":"post_tag","embeddable":true,"href":"https:\/\/www.katehetski.zadarskanadbiskupija.hr\/index.php?rest_route=%2Fwp%2Fv2%2Ftags&post=5446"}],"curies":[{"name":"wp","href":"https:\/\/api.w.org\/{rel}","templated":true}]}}