{"id":5440,"date":"2019-03-06T10:01:06","date_gmt":"2019-03-06T09:01:06","guid":{"rendered":"http:\/\/www.katehetski.zadarskanadbiskupija.hr\/?p=5440"},"modified":"2019-03-06T10:11:17","modified_gmt":"2019-03-06T09:11:17","slug":"susret-maturanata-2019","status":"publish","type":"post","link":"https:\/\/www.katehetski.zadarskanadbiskupija.hr\/?p=5440","title":{"rendered":"Susret maturanata 2019."},"content":{"rendered":"<p style=\"text-align: center;\">XIX.\u00a0me\u0111ubiskupijski susret maturanata<\/p>\n<p style=\"text-align: center;\">Humac \u2013 Mostar \u2013 Me\u0111ugorje,<\/p>\n<p style=\"text-align: center;\">6. travnja 2019.<\/p>\n<p>Tradicionalni XX. me\u0111ubiskupijski susret maturanata odr\u017eat \u0107e se\u00a0<strong>6. travnja 2019. u Hercegovini (Humac, Me\u0111ugorje, Mostar).\u00a0<\/strong>\u00a0Sje\u0107aju\u0107i se lijepih iskustava s dosada\u0161njih susreta maturanata i ove smo se godine odlu\u010dili za iste destinacije \u0161to \u0107e se, vjerujemo, svidjeti i ovogodi\u0161njim maturantima. O\u010dekujemo veliki broj maturanata koji \u0107e svojom nazo\u010dno\u0161\u0107u okruniti na\u0161e dvadesetgodi\u0161nje zajedni\u010dko dru\u017eenje.<\/p>\n<p><strong>\u00a0<\/strong><\/p>\n<p><strong>Program susreta zami\u0161ljen je na sljede\u0107i na\u010din:<\/strong><\/p>\n<table width=\"565\">\n<tbody>\n<tr>\n<td width=\"94\">5:00 sati:<\/td>\n<td width=\"471\">Polazak s autobusnog kolodvora Zadar<\/td>\n<\/tr>\n<tr>\n<td><\/td>\n<td><\/td>\n<\/tr>\n<tr>\n<td><\/td>\n<td>Planiran dolazak na Humac oko 9.30 sati.<\/td>\n<\/tr>\n<tr>\n<td><\/td>\n<td><\/td>\n<\/tr>\n<tr>\n<td><\/td>\n<td><\/td>\n<\/tr>\n<tr>\n<td>10:00 sati:<\/td>\n<td>\u00a0Euharistijsko slavlje (mons. Petar Pali\u0107, hvarski biskup)<\/td>\n<\/tr>\n<tr>\n<td><\/td>\n<td><\/td>\n<\/tr>\n<tr>\n<td><\/td>\n<td><\/td>\n<\/tr>\n<tr>\n<td>11:30 sati:<\/td>\n<td>Polazak za Mostar\/Me\u0111ugorje<\/td>\n<\/tr>\n<tr>\n<td><\/td>\n<td>Polovica autobusa krenut \u0107e za Mostar, a po povratku posjetiti Me\u0111ugorje<\/td>\n<\/tr>\n<tr>\n<td><\/td>\n<td>Polovica autobusa krenut \u0107e za Me\u0111ugorje, a potom nastaviti put u Mostar<\/td>\n<\/tr>\n<tr>\n<td><\/td>\n<td><\/td>\n<\/tr>\n<tr>\n<td><\/td>\n<td><\/td>\n<\/tr>\n<tr>\n<td>18\/19:00 sati:<\/td>\n<td>Polazak ku\u0107ama (dolazak u Zadar oko 21:30\/22:00 sati)<\/td>\n<\/tr>\n<\/tbody>\n<\/table>\n<p>Molimo Vas, po\u0161tovani vjerou\u010ditelji, da\u00a0<strong>motivirate svoje maturante za susret<\/strong>\u00a0i da na vrijeme o istom obavijestite ravnatelje \u0161kola.\u00a0<strong>Posebno apeliramo na vjerou\u010ditelje da pri prijavi maturanata imaju na umu isklju\u010divo vjersku motivaciju, a ne isklju\u010divo izletni\u010dku te u tom smislu ne dopuste putovanje onima koji svojim upitnim pona\u0161anjem naru\u0161avaju duhovni smisao ovog susreta.<\/strong><\/p>\n<p>Bez obzira na broj prijavljenih u\u010denika, o\u010dekujemo sudjelovanje svih srednjo\u0161kolskih vjerou\u010ditelja na susretu maturanata. Napominjemo da je prema naputku Ministarstva znanosti i obrazovanja za provedbu izleta ili ekskurzije potrebna pisana suglasnost roditelja. Za prijelaz granice dovoljna je valjana\u00a0<strong>osobna iskaznica<\/strong>.<\/p>\n<p><strong>Sudionike<\/strong> susreta treba <strong>prijaviti<\/strong>\u00a0<strong>do 20. o\u017eujka\u00a0<\/strong>(srijeda ),\u00a0 <strong>a najkasnije do 29.o\u017eujka<\/strong> (petak) se moraju izvr\u0161iti i uplate novca<strong>\u00a0u Katehetskom uredu<\/strong>. Molimo sve vjerou\u010ditelje da se pridr\u017eavaju zadanih rokova da ne bismo imali nepotrebnih organizacijskih problema.<\/p>\n","protected":false},"excerpt":{"rendered":"<p>Tradicionalni XX. me\u0111ubiskupijski susret maturanata odr\u017eat \u0107e se\u00a06. travnja 2019. u Hercegovini. Sudionike susreta treba prijaviti\u00a0najkasnije do 20. o\u017eujka\u00a0(srijeda )&#8230;<\/p>\n","protected":false},"author":1,"featured_media":3119,"comment_status":"closed","ping_status":"closed","sticky":false,"template":"","format":"standard","meta":{"footnotes":""},"categories":[1],"tags":[],"class_list":["post-5440","post","type-post","status-publish","format-standard","has-post-thumbnail","hentry","category-obavijesti-uncategorized"],"_links":{"self":[{"href":"https:\/\/www.katehetski.zadarskanadbiskupija.hr\/index.php?rest_route=\/wp\/v2\/posts\/5440","targetHints":{"allow":["GET"]}}],"collection":[{"href":"https:\/\/www.katehetski.zadarskanadbiskupija.hr\/index.php?rest_route=\/wp\/v2\/posts"}],"about":[{"href":"https:\/\/www.katehetski.zadarskanadbiskupija.hr\/index.php?rest_route=\/wp\/v2\/types\/post"}],"author":[{"embeddable":true,"href":"https:\/\/www.katehetski.zadarskanadbiskupija.hr\/index.php?rest_route=\/wp\/v2\/users\/1"}],"replies":[{"embeddable":true,"href":"https:\/\/www.katehetski.zadarskanadbiskupija.hr\/index.php?rest_route=%2Fwp%2Fv2%2Fcomments&post=5440"}],"version-history":[{"count":3,"href":"https:\/\/www.katehetski.zadarskanadbiskupija.hr\/index.php?rest_route=\/wp\/v2\/posts\/5440\/revisions"}],"predecessor-version":[{"id":5443,"href":"https:\/\/www.katehetski.zadarskanadbiskupija.hr\/index.php?rest_route=\/wp\/v2\/posts\/5440\/revisions\/5443"}],"wp:featuredmedia":[{"embeddable":true,"href":"https:\/\/www.katehetski.zadarskanadbiskupija.hr\/index.php?rest_route=\/wp\/v2\/media\/3119"}],"wp:attachment":[{"href":"https:\/\/www.katehetski.zadarskanadbiskupija.hr\/index.php?rest_route=%2Fwp%2Fv2%2Fmedia&parent=5440"}],"wp:term":[{"taxonomy":"category","embeddable":true,"href":"https:\/\/www.katehetski.zadarskanadbiskupija.hr\/index.php?rest_route=%2Fwp%2Fv2%2Fcategories&post=5440"},{"taxonomy":"post_tag","embeddable":true,"href":"https:\/\/www.katehetski.zadarskanadbiskupija.hr\/index.php?rest_route=%2Fwp%2Fv2%2Ftags&post=5440"}],"curies":[{"name":"wp","href":"https:\/\/api.w.org\/{rel}","templated":true}]}}