{"id":5434,"date":"2019-03-05T16:13:30","date_gmt":"2019-03-05T15:13:30","guid":{"rendered":"http:\/\/www.katehetski.zadarskanadbiskupija.hr\/?p=5434"},"modified":"2019-09-29T14:07:48","modified_gmt":"2019-09-29T12:07:48","slug":"rezultati-nadbiskupijskog-natjecanja-iz-vjeronauka-vjeronaucne-olimpijade-2019-u-srednjim-skolama","status":"publish","type":"post","link":"https:\/\/www.katehetski.zadarskanadbiskupija.hr\/?p=5434","title":{"rendered":"Rezultati nadbiskupijskog natjecanja iz vjeronauka 2019. u S\u0160"},"content":{"rendered":"<p>U Osnovnoj \u0161koli Bartula Ka\u0161i\u0107a u Zadru, Bribirski prilaz 2, odr\u017eano je 4. o\u017eujka 2019. \u017eupanijsko\/ nadbiskupijsko natjecanje iz Vjeronauka &#8211; Vjeronau\u010dne olimpijade za S\u0160. Sudjelovalo je 7 \u0161kola, tj. 35 vjerou\u010denika u pratnji svojih vjerou\u010ditelja &#8211; mentora.<\/p>\n<p><strong>\u00a0<\/strong><\/p>\n<p><strong>Kona\u010dna ljestvica poretka je slijede\u0107a:<\/strong><\/p>\n<p><strong>\u00a0<\/strong><\/p>\n<table width=\"0\">\n<tbody>\n<tr>\n<td width=\"41\">Rb.<\/td>\n<td width=\"189\">\u0160kola<\/td>\n<td width=\"103\">Mentor<\/td>\n<td width=\"62\">Bodovi<\/p>\n<p>test<\/td>\n<td width=\"75\">Bodovi tombola<\/td>\n<td width=\"85\">Bodovi milijunak<\/td>\n<td width=\"75\">Ukupno<\/td>\n<\/tr>\n<tr>\n<td width=\"41\">1.<\/td>\n<td width=\"189\">S\u0160 Kneza Branimira Benkovac &#8211; Benkovac<\/td>\n<td width=\"103\">Hrvoje O\u0161tri\u0107<\/td>\n<td width=\"62\">47.75<\/td>\n<td width=\"75\">10<\/td>\n<td width=\"85\">9<\/td>\n<td width=\"75\">66,75<\/td>\n<\/tr>\n<tr>\n<td width=\"41\">2.<\/td>\n<td width=\"189\">Klasi\u010dna gimnazija I. Pavla II. &#8211; Zadar<\/td>\n<td width=\"103\">Ru\u017eica Anu\u0161i\u0107<\/td>\n<td width=\"62\">47.50<\/td>\n<td width=\"75\">10<\/td>\n<td width=\"85\">8.5<\/td>\n<td width=\"75\">66.00<\/td>\n<\/tr>\n<tr>\n<td width=\"41\">3.<\/td>\n<td width=\"189\">Gimnazija Franje Petri\u0107a &#8211; Zadar<\/td>\n<td width=\"103\">Marija Jozi\u0107 &#8211; Klanac<\/td>\n<td width=\"62\">24.75<\/td>\n<td width=\"75\">7<\/td>\n<td width=\"85\">5<\/td>\n<td width=\"75\">36.75<\/td>\n<\/tr>\n<tr>\n<td width=\"41\">4.<\/td>\n<td width=\"189\">Ekonomsko &#8211; birotehni\u010dka i trgova\u010dka \u0161kola &#8211; Zadar<\/td>\n<td width=\"103\">Ante \u0106oza<\/td>\n<td width=\"62\">18.25<\/td>\n<td width=\"75\">6<\/td>\n<td width=\"85\">4.5<\/td>\n<td width=\"75\">28.75<\/td>\n<\/tr>\n<tr>\n<td width=\"41\">5.<\/td>\n<td width=\"189\">Srednja \u0161kola Obrovac &#8211; Obrovac<\/td>\n<td width=\"103\">Martina Mari\u010di\u0107<\/td>\n<td width=\"62\">16.75<\/td>\n<td width=\"75\">4<\/td>\n<td width=\"85\">4<\/td>\n<td width=\"75\">24.75<\/td>\n<\/tr>\n<tr>\n<td width=\"41\">6.<\/td>\n<td width=\"189\">Srednja \u0161kola Biograd \u2013 Biograd n\/m<\/td>\n<td width=\"103\">Ivana Perai\u0107<\/td>\n<td width=\"62\">12.00<\/td>\n<td width=\"75\">4<\/td>\n<td width=\"85\">\/<\/td>\n<td width=\"75\">16.00<\/td>\n<\/tr>\n<tr>\n<td width=\"41\">7.<\/td>\n<td width=\"189\">Srednja pomorska \u0161kola &#8211; Zadar<\/td>\n<td width=\"103\">Grgo Mi\u0161kovi\u0107<\/td>\n<td width=\"62\">11.25<\/td>\n<td width=\"75\">4<\/td>\n<td width=\"85\">\/<\/td>\n<td width=\"75\">15.25<\/td>\n<\/tr>\n<\/tbody>\n<\/table>\n<p>&nbsp;<\/p>\n<p>Vjerou\u010denici \u00a0Srednje \u0161kole Kneza Branimira &#8211; Benkovac: Petar Ba\u010di\u0107, An\u0111ela Grgi\u0107, Antonija Rogi\u0107 i Klara Vulelija, te njihov vjerou\u010ditelj \u2013 mentor Hrvoje O\u0161tri\u0107\u00a0 predstavljat \u0107e Zadarsku nadbiskupiju\/ \u017eupaniju na dr\u017eavnom natjecanju iz Vjeronauka &#8211; Vjeronau\u010dne olimpijade koje \u0107e se odr\u017eati od 03.do 05. travnja 2019. u Vinkovcima.<\/p>\n<p>SRETNO IM!<\/p>\n<p>Predsjednica\u00a0 Povjerenstva:<\/p>\n<p>Ljiljana\u00a0 Elek, prof.<\/p>\n","protected":false},"excerpt":{"rendered":"<p>Nadbiskupijsko natjecanje iz vjeronauka \u2013 vjeronau\u010dna olimpijada 2019.  \u2013 za srednje \u0161kole Zadarske nadbiskupije, odr\u017eano je u ponedjeljak 4. o\u017eujka u  Osnovnoj \u0161koli Bartula Ka\u0161i\u0107a u Zadru. \u2026.<\/p>\n","protected":false},"author":1,"featured_media":5438,"comment_status":"closed","ping_status":"closed","sticky":false,"template":"","format":"standard","meta":{"footnotes":""},"categories":[27,91],"tags":[],"class_list":["post-5434","post","type-post","status-publish","format-standard","has-post-thumbnail","hentry","category-dogadanja-uncategorized","category-rezutlati-natjecanja"],"_links":{"self":[{"href":"https:\/\/www.katehetski.zadarskanadbiskupija.hr\/index.php?rest_route=\/wp\/v2\/posts\/5434","targetHints":{"allow":["GET"]}}],"collection":[{"href":"https:\/\/www.katehetski.zadarskanadbiskupija.hr\/index.php?rest_route=\/wp\/v2\/posts"}],"about":[{"href":"https:\/\/www.katehetski.zadarskanadbiskupija.hr\/index.php?rest_route=\/wp\/v2\/types\/post"}],"author":[{"embeddable":true,"href":"https:\/\/www.katehetski.zadarskanadbiskupija.hr\/index.php?rest_route=\/wp\/v2\/users\/1"}],"replies":[{"embeddable":true,"href":"https:\/\/www.katehetski.zadarskanadbiskupija.hr\/index.php?rest_route=%2Fwp%2Fv2%2Fcomments&post=5434"}],"version-history":[{"count":3,"href":"https:\/\/www.katehetski.zadarskanadbiskupija.hr\/index.php?rest_route=\/wp\/v2\/posts\/5434\/revisions"}],"predecessor-version":[{"id":5723,"href":"https:\/\/www.katehetski.zadarskanadbiskupija.hr\/index.php?rest_route=\/wp\/v2\/posts\/5434\/revisions\/5723"}],"wp:featuredmedia":[{"embeddable":true,"href":"https:\/\/www.katehetski.zadarskanadbiskupija.hr\/index.php?rest_route=\/wp\/v2\/media\/5438"}],"wp:attachment":[{"href":"https:\/\/www.katehetski.zadarskanadbiskupija.hr\/index.php?rest_route=%2Fwp%2Fv2%2Fmedia&parent=5434"}],"wp:term":[{"taxonomy":"category","embeddable":true,"href":"https:\/\/www.katehetski.zadarskanadbiskupija.hr\/index.php?rest_route=%2Fwp%2Fv2%2Fcategories&post=5434"},{"taxonomy":"post_tag","embeddable":true,"href":"https:\/\/www.katehetski.zadarskanadbiskupija.hr\/index.php?rest_route=%2Fwp%2Fv2%2Ftags&post=5434"}],"curies":[{"name":"wp","href":"https:\/\/api.w.org\/{rel}","templated":true}]}}