{"id":5295,"date":"2018-11-30T08:32:55","date_gmt":"2018-11-30T07:32:55","guid":{"rendered":"http:\/\/www.katehetski.zadarskanadbiskupija.hr\/?p=5295"},"modified":"2018-12-07T08:40:27","modified_gmt":"2018-12-07T07:40:27","slug":"pohadanje-vjeronauka-u-srednjim-skolama-u-2018-2019-sk-godini","status":"publish","type":"post","link":"https:\/\/www.katehetski.zadarskanadbiskupija.hr\/?p=5295","title":{"rendered":"Poha\u0111anje vjeronauka u srednjim \u0161kolama u 2018.\/2019. \u0161k.godini"},"content":{"rendered":"<p>&nbsp;<\/p>\n<table width=\"638\">\n<tbody>\n<tr>\n<td width=\"64\"><\/td>\n<td width=\"339\">\u0161kola<\/td>\n<td width=\"83\">u\u010denici<\/td>\n<td width=\"88\">vjerou\u010denici<\/td>\n<td width=\"64\">%<\/td>\n<\/tr>\n<tr>\n<td>1<\/td>\n<td>OBRTNI\u010cKA \u0160KOLA GOJKA MATULINE<\/td>\n<td>202<\/td>\n<td>185<\/td>\n<td>92%<\/td>\n<\/tr>\n<tr>\n<td>2<\/td>\n<td>EKONOMSKO-BIROTEHNI\u010cKA \u0160KOLA<\/td>\n<td>575<\/td>\n<td>554<\/td>\n<td>96%<\/td>\n<\/tr>\n<tr>\n<td>3<\/td>\n<td>GIMNAZIJA FRANJE PETRI\u0106A<\/td>\n<td>357<\/td>\n<td>301<\/td>\n<td>84%<\/td>\n<\/tr>\n<tr>\n<td>4<\/td>\n<td>GIMNAZIJA JURJA BARAKOVI\u0106A<\/td>\n<td>441<\/td>\n<td>410<\/td>\n<td>93%<\/td>\n<\/tr>\n<tr>\n<td>5<\/td>\n<td>GIMNAZIJA VLADIMIR NAZORA<\/td>\n<td>524<\/td>\n<td>488<\/td>\n<td>93%<\/td>\n<\/tr>\n<tr>\n<td>6<\/td>\n<td>HOTELIJERSKO-TURISTI\u010cKA I UGOSTITELJSKA<\/td>\n<td>541<\/td>\n<td>501<\/td>\n<td>93%<\/td>\n<\/tr>\n<tr>\n<td>7<\/td>\n<td>KLASI\u010cNA GIMNAZIJA IVANA PAVLA II.<\/td>\n<td>199<\/td>\n<td>199<\/td>\n<td>100%<\/td>\n<\/tr>\n<tr>\n<td>8<\/td>\n<td>MEDICINSKA \u0160KOLA ANTE KUZMANI\u0106A<\/td>\n<td>365<\/td>\n<td>196<\/td>\n<td>54%<\/td>\n<\/tr>\n<tr>\n<td>9<\/td>\n<td>POLJOPR. PREHRAMB.VETER. \u0160KOLA STANKA O\u017dANI\u0106A<\/td>\n<td><\/td>\n<td><\/td>\n<td>#DIJ\/0!<\/td>\n<\/tr>\n<tr>\n<td>10<\/td>\n<td>POMORSKA \u0160KOLA<\/td>\n<td><\/td>\n<td><\/td>\n<td>#DIJ\/0!<\/td>\n<\/tr>\n<tr>\n<td>11<\/td>\n<td>PRIRODOSLOVNO GRAFI\u010cKA \u0160KOLA<\/td>\n<td>265<\/td>\n<td>224<\/td>\n<td>85%<\/td>\n<\/tr>\n<tr>\n<td>12<\/td>\n<td>SREDNJA \u0160KOLA BARTULA KA\u0160I\u0106A PAG<\/td>\n<td><\/td>\n<td><\/td>\n<td>#DIJ\/0!<\/td>\n<\/tr>\n<tr>\n<td>13<\/td>\n<td>SREDNJA \u0160KOLA OBROVAC<\/td>\n<td>65<\/td>\n<td>55<\/td>\n<td>85%<\/td>\n<\/tr>\n<tr>\n<td>14<\/td>\n<td>SREDNJA \u0160KOLA BIOGRAD<\/td>\n<td><\/td>\n<td><\/td>\n<td>#DIJ\/0!<\/td>\n<\/tr>\n<tr>\n<td>15<\/td>\n<td>SREDNJA \u0160KOLA KNEZA BRANIMIRA BENKOVAC<\/td>\n<td><\/td>\n<td><\/td>\n<td>#DIJ\/0!<\/td>\n<\/tr>\n<tr>\n<td>16<\/td>\n<td>STRUKOVNA \u0160KOLA VICE VLATKOVI\u0106A<\/td>\n<td>630<\/td>\n<td>609<\/td>\n<td>97%<\/td>\n<\/tr>\n<tr>\n<td>17<\/td>\n<td>\u0160KOLA PRIMIJENJENE UMJETNOSTI I DIZAJNA<\/td>\n<td>266<\/td>\n<td>217<\/td>\n<td>82%<\/td>\n<\/tr>\n<tr>\n<td>18<\/td>\n<td>TEHNI\u010cKA \u0160KOLA ZADAR<\/td>\n<td><\/td>\n<td><\/td>\n<td>#DIJ\/0!<\/td>\n<\/tr>\n<tr>\n<td>19<\/td>\n<td>ZADARSKA PRIVATNA GIMNAZIJA<\/td>\n<td>81<\/td>\n<td>51<\/td>\n<td>63%<\/td>\n<\/tr>\n<tr>\n<td><\/td>\n<td><\/td>\n<td><\/td>\n<td><\/td>\n<td><\/td>\n<\/tr>\n<tr>\n<td><\/td>\n<td>SVEUKUPNO<\/td>\n<td>4511<\/td>\n<td>3990<\/td>\n<td>88%<\/td>\n<\/tr>\n<\/tbody>\n<\/table>\n","protected":false},"excerpt":{"rendered":"<p>Statisti\u010dki podatci o broju u\u010denika koji poha\u0111aju nastavu vjeronauka u srednjim \u0161kolama na podru\u010dju Zadarske nadbiskupije. &#8230;<\/p>\n","protected":false},"author":1,"featured_media":5299,"comment_status":"closed","ping_status":"closed","sticky":false,"template":"","format":"standard","meta":{"footnotes":""},"categories":[1,67],"tags":[],"class_list":["post-5295","post","type-post","status-publish","format-standard","has-post-thumbnail","hentry","category-obavijesti-uncategorized","category-statistika"],"_links":{"self":[{"href":"https:\/\/www.katehetski.zadarskanadbiskupija.hr\/index.php?rest_route=\/wp\/v2\/posts\/5295","targetHints":{"allow":["GET"]}}],"collection":[{"href":"https:\/\/www.katehetski.zadarskanadbiskupija.hr\/index.php?rest_route=\/wp\/v2\/posts"}],"about":[{"href":"https:\/\/www.katehetski.zadarskanadbiskupija.hr\/index.php?rest_route=\/wp\/v2\/types\/post"}],"author":[{"embeddable":true,"href":"https:\/\/www.katehetski.zadarskanadbiskupija.hr\/index.php?rest_route=\/wp\/v2\/users\/1"}],"replies":[{"embeddable":true,"href":"https:\/\/www.katehetski.zadarskanadbiskupija.hr\/index.php?rest_route=%2Fwp%2Fv2%2Fcomments&post=5295"}],"version-history":[{"count":1,"href":"https:\/\/www.katehetski.zadarskanadbiskupija.hr\/index.php?rest_route=\/wp\/v2\/posts\/5295\/revisions"}],"predecessor-version":[{"id":5296,"href":"https:\/\/www.katehetski.zadarskanadbiskupija.hr\/index.php?rest_route=\/wp\/v2\/posts\/5295\/revisions\/5296"}],"wp:featuredmedia":[{"embeddable":true,"href":"https:\/\/www.katehetski.zadarskanadbiskupija.hr\/index.php?rest_route=\/wp\/v2\/media\/5299"}],"wp:attachment":[{"href":"https:\/\/www.katehetski.zadarskanadbiskupija.hr\/index.php?rest_route=%2Fwp%2Fv2%2Fmedia&parent=5295"}],"wp:term":[{"taxonomy":"category","embeddable":true,"href":"https:\/\/www.katehetski.zadarskanadbiskupija.hr\/index.php?rest_route=%2Fwp%2Fv2%2Fcategories&post=5295"},{"taxonomy":"post_tag","embeddable":true,"href":"https:\/\/www.katehetski.zadarskanadbiskupija.hr\/index.php?rest_route=%2Fwp%2Fv2%2Ftags&post=5295"}],"curies":[{"name":"wp","href":"https:\/\/api.w.org\/{rel}","templated":true}]}}