{"id":5163,"date":"2018-09-21T09:40:13","date_gmt":"2018-09-21T07:40:13","guid":{"rendered":"http:\/\/www.katehetski.zadarskanadbiskupija.hr\/?p=5163"},"modified":"2022-02-28T16:55:58","modified_gmt":"2022-02-28T15:55:58","slug":"grada-za-natjecanje-iz-vjeronauka-u-skolskoj-godini-2018-2019","status":"publish","type":"post","link":"https:\/\/www.katehetski.zadarskanadbiskupija.hr\/?p=5163","title":{"rendered":"Gra\u0111a za natjecanje iz vjeronauka u \u0161kolskoj godini 2018.\/2019."},"content":{"rendered":"<p>Hrvatski svetci, bla\u017eenici i bla\u017eenice, sluge i slu\u017ebenice Bo\u017eje oni su koji se \u201ckriju\u201d iza naslova \u201c<strong>Svjedoci radosne vijesti u hrvatskom narodu\u201d. <\/strong><\/p>\n<p>Tema je to i naziv gra\u0111e Vjeronau\u010dne olimpijade \u2013 natjecanja iz vjeronauka za osnovnu i srednju \u0161kolu u \u0161kolskoj godini 2018.\/2019.\u00a0 Gra\u0111u mo\u017eete preuzeti klikom\u00a0<strong><a href=\"https:\/\/mak.glas-koncila.hr\/wp-content\/uploads\/2018\/09\/Svjedoci-radosne-vijesti-u-hrvatskom-narodu.pdf\" target=\"_blank\" rel=\"noopener noreferrer\">ovdje<\/a><\/strong><\/p>\n<p>&nbsp;<\/p>\n","protected":false},"excerpt":{"rendered":"<p>Hrvatski svetci, bla\u017eenici i bla\u017eenice, sluge i slu\u017ebenice Bo\u017eje oni su koji se \u201ckriju\u201d iza naslova \u201cSvjedoci radosne vijesti u hrvatskom narodu\u201d. Tema je to i naziv gra\u0111e Vjeronau\u010dne olimpijade \u2013 natjecanja iz vjeronauka za osnovnu i srednju \u0161kolu u \u0161kolskoj godini 2018.\/2019.\u00a0 Gra\u0111u mo\u017eete preuzeti klikom\u00a0ovdje &nbsp;<\/p>\n","protected":false},"author":1,"featured_media":5165,"comment_status":"closed","ping_status":"closed","sticky":false,"template":"","format":"standard","meta":{"footnotes":""},"categories":[61],"tags":[],"class_list":["post-5163","post","type-post","status-publish","format-standard","has-post-thumbnail","hentry","category-natjecanje-grada-i-upute"],"_links":{"self":[{"href":"https:\/\/www.katehetski.zadarskanadbiskupija.hr\/index.php?rest_route=\/wp\/v2\/posts\/5163","targetHints":{"allow":["GET"]}}],"collection":[{"href":"https:\/\/www.katehetski.zadarskanadbiskupija.hr\/index.php?rest_route=\/wp\/v2\/posts"}],"about":[{"href":"https:\/\/www.katehetski.zadarskanadbiskupija.hr\/index.php?rest_route=\/wp\/v2\/types\/post"}],"author":[{"embeddable":true,"href":"https:\/\/www.katehetski.zadarskanadbiskupija.hr\/index.php?rest_route=\/wp\/v2\/users\/1"}],"replies":[{"embeddable":true,"href":"https:\/\/www.katehetski.zadarskanadbiskupija.hr\/index.php?rest_route=%2Fwp%2Fv2%2Fcomments&post=5163"}],"version-history":[{"count":3,"href":"https:\/\/www.katehetski.zadarskanadbiskupija.hr\/index.php?rest_route=\/wp\/v2\/posts\/5163\/revisions"}],"predecessor-version":[{"id":5719,"href":"https:\/\/www.katehetski.zadarskanadbiskupija.hr\/index.php?rest_route=\/wp\/v2\/posts\/5163\/revisions\/5719"}],"wp:featuredmedia":[{"embeddable":true,"href":"https:\/\/www.katehetski.zadarskanadbiskupija.hr\/index.php?rest_route=\/wp\/v2\/media\/5165"}],"wp:attachment":[{"href":"https:\/\/www.katehetski.zadarskanadbiskupija.hr\/index.php?rest_route=%2Fwp%2Fv2%2Fmedia&parent=5163"}],"wp:term":[{"taxonomy":"category","embeddable":true,"href":"https:\/\/www.katehetski.zadarskanadbiskupija.hr\/index.php?rest_route=%2Fwp%2Fv2%2Fcategories&post=5163"},{"taxonomy":"post_tag","embeddable":true,"href":"https:\/\/www.katehetski.zadarskanadbiskupija.hr\/index.php?rest_route=%2Fwp%2Fv2%2Ftags&post=5163"}],"curies":[{"name":"wp","href":"https:\/\/api.w.org\/{rel}","templated":true}]}}