{"id":5159,"date":"2018-09-10T09:09:04","date_gmt":"2018-09-10T07:09:04","guid":{"rendered":"http:\/\/www.katehetski.zadarskanadbiskupija.hr\/?p=5159"},"modified":"2018-09-10T09:09:04","modified_gmt":"2018-09-10T07:09:04","slug":"nadbiskupovo-pismo-na-pocetku-skolske-godine-2018-2019","status":"publish","type":"post","link":"https:\/\/www.katehetski.zadarskanadbiskupija.hr\/?p=5159","title":{"rendered":"Nadbiskupovo pismo na po\u010detku \u0161kolske godine 2018.\/2019."},"content":{"rendered":"<p style=\"text-align: center;\">Poma\u017eite djeci i mladima u traganju za istinom i smislom \u017eivota.<\/p>\n<p style=\"text-align: center;\">\u017dupnim uredima i katehetama<\/p>\n<p>&nbsp;<\/p>\n<ol>\n<li>Pro\u0161loga tjedna, 3. rujna 2018., zvono je ozna\u010dilo po\u010detak nove \u0161kolske godine. Dragi u\u010denici, ravnatelji, u\u010ditelji, roditelji i djelatnici u na\u0161im \u0161kolama i odgojnim ustanovama, od srca vas sve pozdravljam i \u017eelim blagoslovljen po\u010detak \u0161kole. Kada ste u lipnju po\u0161li na ljetni odmor, po\u010delo je Svjetsko prvenstvo u nogometu koje je privuklo na\u0161u osobitu pozornost zbog hrvatskih nogometa\u0161a koji su se natjecali na prvenstvu u Rusiji. Od <a href=\"https:\/\/hr.wikipedia.org\/wiki\/14._lipnja\">14. lipnja<\/a> do <a href=\"https:\/\/hr.wikipedia.org\/wiki\/15._srpnja\">15. srpnja<\/a> <a href=\"https:\/\/hr.wikipedia.org\/wiki\/%C5%A0port_u_2018.\">2018.<\/a> imali smo prigode pratiti i navijati za na\u0161e \u201e\u0161ahiranim grbom\u201c obu\u010dene igra\u010de. I radovati se \u0161to su napredovali iz kola u kolo dok nisu prispjeli samome finalu u susretu s francuskom ekipom. Premda nismo pobijedili u finalu, bili smo radosni i sretni zbog osvojenoga drugoga mjesta na prvenstvu u nogometu. Posebice je bilo lijepo \u010ditati pohvale na ra\u010dun na\u0161ega izbornika i igra\u010da koji su se na terenu borili sr\u010dano, timski i zauzeto.<\/li>\n<\/ol>\n<p>&nbsp;<\/p>\n<p>Isto tako bilo nam je drago \u0161to je u natjecanju \u201eizvorno dizajniranih dresova\u201c na\u0161a ekipa osvojila tako\u0111er drugo mjesto (nakon Nigerije). Oni koji su\u00a0 prosu\u0111ivali \u0161portske dresove, ovako su to obrazlo\u017eili: \u201eNadahnuti \u0161ahiranim grbom, hrvatski su dresovi ne\u0161to ugodno za oko i na terenu i izvan njega. Predstavljaju rijetku ljepotu me\u0111u nogometnom odje\u0107om. Od naroda koji nam je darovao kravatu, nije se ni o\u010dekivalo manje\u201c. I na\u0161 je Danijel u svom pismu napisao kako se opra\u0161ta \u201eod najdra\u017eeg i najlip\u0161eg dresa na svitu\u201c. Hvala komisiji koja nas je prepoznala u \u201e\u0161ahiranim grbovima\u201c koji su bili preplavili stadione i dvorane gdje se pratilo natjecanje. Posebice im hvala \u0161to su nas po\u010dastili tako visokom ocjenom.<\/p>\n<ol start=\"2\">\n<li>U svezi s postignutim uspjehom uputio sam \u010destitku izborniku Zlatku Dali\u0107u i na\u0161im nogometa\u0161ima i napisao kako su puno \u201edobra u\u010dinili i radosti posijali svojom igrom, a \u0161portskim zauzimanjem odu\u0161evili sve u Domovini i diljem svijeta\u201c. Posebice sam istakao njihovu \u201etimsku igru i zajedni\u0161tvo koje je urodilo plodom i uspjehom\u201c. Nikakvo onda \u010dudo \u0161to su ih podr\u017eavali, ne samo vjerni navija\u010di, ve\u0107 i publika iz \u201esuprotnih klubova\u201c. Pohvalio sam ih \u0161to su timski djelovali, Bogu zahvaljivali za svaki postignuti uspjeh i njegovali duh zajedni\u0161tva koji ih je doveo do srebrnoga finala. Posebice sam \u010destitao na\u0161oj \u201ezadarskoj ekipi\u201c: odli\u010dnom golmanu Danijelu, vrsnom dribleru i sigurnom igra\u010du s terena \u0160imi, te Dominiku i najboljem igra\u010du svijeta Luki.<\/li>\n<\/ol>\n<p>Nogomet nas je, dakle, bio zaokupio ovoga ljeta, ujedinio nas i ispunio ponosom zbog uspjeha na\u0161e reprezentacije koja nas je uzorno i dostojanstveno, ali i s osje\u0107ajem skromnosti predstavljala na svjetskom prvenstvu u Rusiji. Siguran sam da se o tomu jo\u0161 razgovara i komentira, kako u na\u0161im mjestima i obiteljima, tako i u \u0161kolama, poduze\u0107ima i na ulici. Dao Bog da poruka rada i zajedni\u0161tva na\u0161ih igra\u010da urodi obilnim plodovima. Ne samo u \u0161portu, kulturi, odgoju i obrazovanju, nego i u poljoprivredi, industriji, turizmu i politici; kao i u svim drugim segmentima dru\u0161tvenoga \u017eivota na\u0161e dr\u017eave i naroda.<\/p>\n<ol start=\"3\">\n<li>Na po\u010detku nove \u0161kolske godine obra\u0107am vam se, draga djeco i mladi, ravnatelji, u\u010ditelji i odgojitelji, s ovim prisje\u0107anjem na uspjeh na\u0161ih igra\u010da. \u017delim vam ugodan povratak u prostorije \u0161kola i odgojnih zavoda, te plodan i blagoslovljen po\u010detak rada u va\u0161im \u0161kolama. Rekoh \u201eva\u0161im \u0161kolama\u201c, jer one su doista dio va\u0161e svakodnevice. \u0160kole su terensko polje va\u0161ih nastupa; kako za vas koji tamo u\u010dite, tako i za one koji vas pou\u010davaju. \u0160kola i odgojne institucije dio su va\u0161ega \u201ezajedni\u010dkoga \u017eivotnoga prostora\u201c gdje se \u017eivi, razgovara i slu\u0161a, u\u010di i pou\u010dava. Po\u017eelio bih, stoga, u duhu spomenutoga nogometnoga natjecanja, dragi u\u010denici i dragi mladi, da se rad, \u017ertva i zauzetost oko stjecanja znanja i \u0161kolskih vje\u0161tina presele u va\u0161e razrede i kabinete. A duh zajedni\u0161tva neka cvjeta me\u0111u vama, u va\u0161im razredima i obiteljima, u \u017eupama i odgojno obrazovnim ustanovama.<\/li>\n<\/ol>\n<p>&nbsp;<\/p>\n<p>Stoga vas pozivam, slu\u0161ajte svoje u\u010ditelje i odgojitelje. Sura\u0111ujte s njima i usvajajte ono \u0161to vas pou\u010davaju i na \u0161to vas svojim dobrim primjerom poti\u010du. Oni su, naime, osposobljeni i ovla\u0161teni uvoditi vas u nove spoznaje i pou\u010davati kako zajedno \u017eivjeti i raditi. I pomagati ne samo stjecati potrebita znanja, ve\u0107 rasti i napredovati u krjepostima, dobroti i plemenitosti kako biste sutra mogli \u0161to uspje\u0161nije humanizirati vrijeme i prostor u kojemu \u017eivite. Trudite se, dakle, poput na\u0161ih nogometa\u0161a, davati sve od sebe kako bi svladali sve \u0161kolske obveze. Njegujte duh zajedni\u0161tva i solidarnosti.<\/p>\n<p>&nbsp;<\/p>\n<p>Dok zahvaljujem vama, po\u0161tovani u\u010ditelji i odgojitelji, na zauzetom odgojno-obrazovnom radu, uljudno vas poti\u010dem ne umarajte se biti ustrajni u tom \u010dasnom poslu i zadatku. Oslu\u0161kujte strpljivo pitanja i probleme povjerene vam djece i mladih. Poma\u017eite im u traganju za istinom i smislom \u017eivota. Imajte trajno na umu da ste vi vrlo presudni za njihove \u017eivotne stavove i uvjerenja. U\u010denici, naime, uglavnom vjeruju i po\u0161tuju ono \u0161to njihovi roditelji i u\u010ditelji vjeruju i cijene. Neka vam, stoga, ne dojadi trajno poticati svoje u\u010denike na dobro. U va\u0161em odgovornom poslu neka vas prati Bo\u017eja pomo\u0107 i njegov blagoslov.<\/p>\n<p>&nbsp;<\/p>\n<p>\u2020 \u017delimir Pulji\u0107, nadbiskup<\/p>\n<p>Zadar, 8. rujna 2018.<\/p>\n<p><em>\u00a0<\/em><\/p>\n<p>Napomena:<\/p>\n<ul>\n<li>Zaziv Duha Svetoga neka bude u nedjelju rujna 2018. godine.<\/li>\n<li>A ovo pismo neka se pro\u010dita uz slavlje zaziva Duha Svetoga. Neka se tom prigodom obznani i raspored \u017eupnog vjeronauka.<\/li>\n<\/ul>\n<p>&nbsp;<\/p>\n<p>&nbsp;<\/p>\n","protected":false},"excerpt":{"rendered":"<p>Na po\u010detku nove \u0161kolske godine obra\u0107am vam se, draga djeco i mladi, ravnatelji, u\u010ditelji i odgojitelji, &#8230;  \u017delim vam ugodan povratak u prostorije \u0161kola i odgojnih zavoda, te plodan i blagoslovljen po\u010detak rada u va\u0161im \u0161kolama. &#8230;.<\/p>\n","protected":false},"author":1,"featured_media":938,"comment_status":"closed","ping_status":"closed","sticky":false,"template":"","format":"standard","meta":{"footnotes":""},"categories":[37,1],"tags":[],"class_list":["post-5159","post","type-post","status-publish","format-standard","has-post-thumbnail","hentry","category-poruke","category-obavijesti-uncategorized"],"_links":{"self":[{"href":"https:\/\/www.katehetski.zadarskanadbiskupija.hr\/index.php?rest_route=\/wp\/v2\/posts\/5159","targetHints":{"allow":["GET"]}}],"collection":[{"href":"https:\/\/www.katehetski.zadarskanadbiskupija.hr\/index.php?rest_route=\/wp\/v2\/posts"}],"about":[{"href":"https:\/\/www.katehetski.zadarskanadbiskupija.hr\/index.php?rest_route=\/wp\/v2\/types\/post"}],"author":[{"embeddable":true,"href":"https:\/\/www.katehetski.zadarskanadbiskupija.hr\/index.php?rest_route=\/wp\/v2\/users\/1"}],"replies":[{"embeddable":true,"href":"https:\/\/www.katehetski.zadarskanadbiskupija.hr\/index.php?rest_route=%2Fwp%2Fv2%2Fcomments&post=5159"}],"version-history":[{"count":1,"href":"https:\/\/www.katehetski.zadarskanadbiskupija.hr\/index.php?rest_route=\/wp\/v2\/posts\/5159\/revisions"}],"predecessor-version":[{"id":5160,"href":"https:\/\/www.katehetski.zadarskanadbiskupija.hr\/index.php?rest_route=\/wp\/v2\/posts\/5159\/revisions\/5160"}],"wp:featuredmedia":[{"embeddable":true,"href":"https:\/\/www.katehetski.zadarskanadbiskupija.hr\/index.php?rest_route=\/wp\/v2\/media\/938"}],"wp:attachment":[{"href":"https:\/\/www.katehetski.zadarskanadbiskupija.hr\/index.php?rest_route=%2Fwp%2Fv2%2Fmedia&parent=5159"}],"wp:term":[{"taxonomy":"category","embeddable":true,"href":"https:\/\/www.katehetski.zadarskanadbiskupija.hr\/index.php?rest_route=%2Fwp%2Fv2%2Fcategories&post=5159"},{"taxonomy":"post_tag","embeddable":true,"href":"https:\/\/www.katehetski.zadarskanadbiskupija.hr\/index.php?rest_route=%2Fwp%2Fv2%2Ftags&post=5159"}],"curies":[{"name":"wp","href":"https:\/\/api.w.org\/{rel}","templated":true}]}}