{"id":5149,"date":"2018-09-05T11:13:59","date_gmt":"2018-09-05T09:13:59","guid":{"rendered":"http:\/\/www.katehetski.zadarskanadbiskupija.hr\/?p=5149"},"modified":"2019-09-29T14:03:58","modified_gmt":"2019-09-29T12:03:58","slug":"odrzan-katehetski-dan","status":"publish","type":"post","link":"https:\/\/www.katehetski.zadarskanadbiskupija.hr\/?p=5149","title":{"rendered":"Odr\u017ean 42. Katehetski dan"},"content":{"rendered":"<p style=\"text-align: center;\"><strong>42. Katehetski dan Zadarske nadbiskupije<\/strong><\/p>\n<p>Katehetski dan po\u010deo je molitvom Tre\u0107eg \u010dasa koju je predvodio zadarski nadbiskup \u017delimir Pulji\u0107. Prigodne poticaje rije\u010di na po\u010detku susreta uputili su nadbiskup Pulji\u0107 i mr. don Ga\u0161par Dodi\u0107, predstojnik Katehetskog ureda Zadarske nadbiskupije.<\/p>\n<p>\u010cetrdeset i drugi katehetski dan Zadarske nadbiskupije u subotu 1. rujna u pastoralnom centru Uznesenja BDM na Belafu\u017ei u Zadru okupio je sve\u0107enike, redovni\u0161tvo, bogoslove, vjerou\u010ditelje i \u017eupne katehete Zadarske nadbiskupije. Ususret odr\u017eavanju nacionalnog susreta hrvatskih katoli\u010dkih obitelji u Solinu i u Godini obitelji u Zadarskoj nadbiskupiji, o temi \u201eBrak i obitelj u ozra\u010dju eti\u010dkog relativizma\u201e izlagao je dr. don Jerolim Lenki\u0107. Govorio je o obitelji po Bo\u017ejem planu, teolo\u0161koj i eklezijalnoj dimenziji obitelji, obitelji kao \u0161koli dru\u0161tvenosti i \u010dovje\u010dnosti, o obiteljskom i vjerskom odgoju djece te utjecaju roditeljskog primjera na dijete. Upozorio je i na pomra\u010denja vrijednosti \u017eivota, ugro\u017eenost \u017eenidbe pod utjecajem eti\u010dkog relativizma.<br \/>\n\u201eBrak i obitelj su dar i poslanje, posebni na\u010din Bo\u017eje objave i \u010dovjekove vjere. Obiteljsko lice Crkve i crkveno lice obitelji pro\u017eimaju se uzajamno. Obitelj je pozvana pomo\u0107i i Crkvi da u \u0161to ve\u0107oj mjeri ostvari svoju obiteljsku narav. Obitelj je povla\u0161teni \u017eivotni i crkveni prostor u kojem se \u017eivi proro\u010dko, sve\u0107eni\u010dko i kraljevsko dostojanstvo i poslanje&#8221;, rekao je dr. Lenki\u0107, istaknuv\u0161i da je bra\u010dna ljubav kao slika i sakrament Bo\u017eje stvarala\u010dke ljubavi otvorena i plodna. \u201eNe zatvara se u sebe nego se te\u017ei preliti u novi odnos i otvoriti plodu svoje ljubavi, \u0161irem zajedni\u0161tvu, stvoriti obitelj, novu prisnu zajednicu \u017eivota i ljubavi. Temeljna zada\u0107a obitelji je slu\u017eenje \u017eivotu, ostvarivanje izvornog Stvoriteljeva blagoslova, da se ra\u0111anjem prenosi Bo\u017eja slika od jednog \u010dovjeka na drugoga&#8221;, rekao je dr. Lenki\u0107. Podsjetio je da se prema apostolskoj pobudnici Familiaris consortio u obitelji u\u010de prva znanja dru\u0161tvenih kreposti, a do\u017eivljaj zajedni\u0161tva i sudioni\u0161tva koje treba obilje\u017eavati \u017eivot obitelji njen je prvi i osnovni prilog dru\u0161tvu.<br \/>\nUpozoravaju\u0107i na hedonisti\u010dki pogled u \u017eivljenju spolnosti i slobode koji u ra\u0111anju vide zapreku razvoju vlastite osobnosti, dr. Lenki\u0107 rekao je: \u201eTako \u017eivot koji bi mogao nastati iz bra\u010dnoga spolnog odnosa postaje neprijatelj kojeg kontracepcijom treba izbje\u0107i, a pod hedonisti\u010dkim i materijalisti\u010dkim gledi\u0161tem, poba\u010daj je presudni odgovor na neuspjeh kontracepcije&#8221;. Istaknuv\u0161i da kontracepcija, obesplo\u0111ivanje i poba\u010daj pridonose niskoj stopi rodnosti, dr. Lenki\u0107 rekao je kako se i \u201emo\u0107nici svijeta boje da su siroma\u0161niji narodi plodniji te da s brojnim natalitetom ne ugroze blagostanje njihovih naroda. U bogatim zemljama je zastra\u0161uju\u0107i pad ra\u0111anja, a siroma\u0161ne zemlje imaju pove\u0107anu stopu prirasta stanovni\u0161tva. Me\u0111uljudski odnosi trpe veliko osiroma\u0161enje, osobito obitelj i bezuvjetna odluka u prilog \u017eivota&#8221;, poru\u010dio je dr. Lenki\u0107.<br \/>\nUsusret 40. obljetnici proslave Branimirove godine, predavanje \u201eEklezijalno &#8211; pastoralni karakter proslave Branimirove godine: Nin 879. &#8211; 2018.&#8221; odr\u017eao je mr. don Dario Ti\u010di\u0107. Podsjetio je kako su 1. rujna 1979. g. u zadarskoj katedrali Sv. Sto\u0161ije po\u010dele zavr\u0161ne sve\u010danosti Branimirove godine, akademijom na kojoj su sudjelovali svi hrvatski biskupi i gosti iz inozemstva, papinski legat kardinal Franjo \u0160eper i drugi. U svjetlu gesla Branimirove godine \u201eHrvatska katoli\u010dka obitelj dnevno moli i nedjeljom slavi misu&#8221;, mr. Ti\u010di\u0107 rekao je da je nedjeljom slaviti misu pokazatelj kr\u0161\u0107anske vjere. \u201eStupanj vjerni\u010dke svijesti obitelji pokazatelj je unutarnjeg \u017eivota u Crkvi. Ako obitelj ne slavi misu, kako mo\u017ee dati svjedo\u010danstvo i biti svjetlo i sol svijetu? Nedjeljna misa je kulturolo\u0161ki oblikovala na\u0161 narod. Nedjelja je bila osovina dru\u0161tvenog i vjerni\u010dkog \u017eivota, a misa biser u kruni crkvenosti&#8221;, istaknuo je mr. Ti\u010di\u0107, upozoriv\u0161i: \u201eVjera postaje jedna od aktivnosti, vjeronauk jedna od du\u017enosti poput treninga i probe u glazbenoj \u0161koli. Mnogi se boga sjete prigodno ili kada to rituali \u017eivota zatra\u017ee. Postoji opasnost da se pretvaramo u servisnu slu\u017ebu gdje se dijele sakramenti i vr\u0161e usluge kr\u0161\u0107anskog sprovoda. Do\u017eivljava nas se kao slu\u017ebenike s kojim se mo\u017ee dogovoriti sakramentalno slavlje, ali nakon \u0161to su osigurali restoran ili svadbenu dvoranu. Postavi\u0161 li se kruto, imat \u0107e\u0161 problema, prozivat \u0107e te i ime \u0107e ti biti na portalima i mre\u017eama&#8221;, ukazao je na te\u0161ko\u0107e sve\u0107eni\u010dke prakse don Dario, istaknuv\u0161i da i u takvim okolnostima sve\u0107enik svima mora nositi Krista. \u201eTi s kojima dolazimo na takav na\u010din u kontakt naj\u010de\u0161\u0107e su s periferije o kojoj govori papa Franjo. Zato moramo imati razumijevanja, jer nikad ne znamo kako i kada \u0107emo nekoga dobiti ili nepovratno izgubiti za Krista. U\u010dinimo najvi\u0161e \u0161to mo\u017eemo&#8221; potaknuo je mr. Ti\u010di\u0107.<\/p>\n<p>Na susretu je odr\u017ean i rad u skupinama sudionika i izvje\u0161\u0107a o tom radu.<\/p>\n","protected":false},"excerpt":{"rendered":"<p>\u010cetrdeset i drugi katehetski dan Zadarske nadbiskupije u subotu 1. rujna u pastoralnom centru Uznesenja BDM na Belafu\u017ei u Zadru okupio je sve\u0107enike, redovni\u0161tvo, bogoslove, vjerou\u010ditelje i \u017eupne katehete &#8230;.<\/p>\n","protected":false},"author":1,"featured_media":0,"comment_status":"closed","ping_status":"closed","sticky":false,"template":"","format":"standard","meta":{"footnotes":""},"categories":[27],"tags":[],"class_list":["post-5149","post","type-post","status-publish","format-standard","hentry","category-dogadanja-uncategorized"],"_links":{"self":[{"href":"https:\/\/www.katehetski.zadarskanadbiskupija.hr\/index.php?rest_route=\/wp\/v2\/posts\/5149","targetHints":{"allow":["GET"]}}],"collection":[{"href":"https:\/\/www.katehetski.zadarskanadbiskupija.hr\/index.php?rest_route=\/wp\/v2\/posts"}],"about":[{"href":"https:\/\/www.katehetski.zadarskanadbiskupija.hr\/index.php?rest_route=\/wp\/v2\/types\/post"}],"author":[{"embeddable":true,"href":"https:\/\/www.katehetski.zadarskanadbiskupija.hr\/index.php?rest_route=\/wp\/v2\/users\/1"}],"replies":[{"embeddable":true,"href":"https:\/\/www.katehetski.zadarskanadbiskupija.hr\/index.php?rest_route=%2Fwp%2Fv2%2Fcomments&post=5149"}],"version-history":[{"count":4,"href":"https:\/\/www.katehetski.zadarskanadbiskupija.hr\/index.php?rest_route=\/wp\/v2\/posts\/5149\/revisions"}],"predecessor-version":[{"id":5722,"href":"https:\/\/www.katehetski.zadarskanadbiskupija.hr\/index.php?rest_route=\/wp\/v2\/posts\/5149\/revisions\/5722"}],"wp:attachment":[{"href":"https:\/\/www.katehetski.zadarskanadbiskupija.hr\/index.php?rest_route=%2Fwp%2Fv2%2Fmedia&parent=5149"}],"wp:term":[{"taxonomy":"category","embeddable":true,"href":"https:\/\/www.katehetski.zadarskanadbiskupija.hr\/index.php?rest_route=%2Fwp%2Fv2%2Fcategories&post=5149"},{"taxonomy":"post_tag","embeddable":true,"href":"https:\/\/www.katehetski.zadarskanadbiskupija.hr\/index.php?rest_route=%2Fwp%2Fv2%2Ftags&post=5149"}],"curies":[{"name":"wp","href":"https:\/\/api.w.org\/{rel}","templated":true}]}}