{"id":4915,"date":"2017-12-02T10:37:08","date_gmt":"2017-12-02T09:37:08","guid":{"rendered":"http:\/\/www.katehetski.zadarskanadbiskupija.hr\/?p=4915"},"modified":"2017-12-20T09:46:32","modified_gmt":"2017-12-20T08:46:32","slug":"pohadanje-vjeronauka-u-srednjim-skolama-2017-2018-sk-god","status":"publish","type":"post","link":"https:\/\/www.katehetski.zadarskanadbiskupija.hr\/?p=4915","title":{"rendered":"Poha\u0111anje vjeronauka u srednjim \u0161kolama 2017.\/2018. \u0161k.god."},"content":{"rendered":"<table width=\"638\">\n<tbody>\n<tr>\n<td width=\"64\"><\/td>\n<td colspan=\"2\" width=\"422\">Poha\u0111anje vjeronauka u srednjim \u0161kolama<\/td>\n<td width=\"88\"><\/td>\n<td width=\"64\"><\/td>\n<\/tr>\n<tr>\n<td><\/td>\n<td colspan=\"2\">\u00a0\u0161kolska godina 2017.\/2018.<\/td>\n<td><\/td>\n<td><\/td>\n<\/tr>\n<tr>\n<td><\/td>\n<td><\/td>\n<td><\/td>\n<td><\/td>\n<td><\/td>\n<\/tr>\n<tr>\n<td><\/td>\n<td>\u0161kola<\/td>\n<td>u\u010denici<\/td>\n<td>vjerou\u010denici<\/td>\n<td>%<\/td>\n<\/tr>\n<tr>\n<td>1<\/td>\n<td>OBRTNI\u010cKA \u0160KOLA GOJKA MATULINE<\/td>\n<td><\/td>\n<td><\/td>\n<td>#DIJ\/0!<\/td>\n<\/tr>\n<tr>\n<td>2<\/td>\n<td>EKONOMSKO-BIROTEHNI\u010cKA \u0160KOLA<\/td>\n<td><\/td>\n<td>571<\/td>\n<td>#DIJ\/0!<\/td>\n<\/tr>\n<tr>\n<td>3<\/td>\n<td>GIMNAZIJA FRANJE PETRI\u0106A<\/td>\n<td>375<\/td>\n<td>318<\/td>\n<td>85%<\/td>\n<\/tr>\n<tr>\n<td>4<\/td>\n<td>GIMNAZIJA JURJA BARAKOVI\u0106A<\/td>\n<td>472<\/td>\n<td>426<\/td>\n<td>90%<\/td>\n<\/tr>\n<tr>\n<td>5<\/td>\n<td>GIMNAZIJA VLADIMIR NAZORA<\/td>\n<td>556<\/td>\n<td>522<\/td>\n<td>94%<\/td>\n<\/tr>\n<tr>\n<td>6<\/td>\n<td>HOTELIJERSKO-TURISTI\u010cKA I UGOSTITELJSKA<\/td>\n<td>439<\/td>\n<td>382<\/td>\n<td>87%<\/td>\n<\/tr>\n<tr>\n<td>7<\/td>\n<td>KLASI\u010cNA GIMNAZIJA IVANA PAVLA II.<\/td>\n<td>207<\/td>\n<td>207<\/td>\n<td>100%<\/td>\n<\/tr>\n<tr>\n<td>8<\/td>\n<td>MEDICINSKA \u0160KOLA ANTE KUZMANI\u0106A<\/td>\n<td>382<\/td>\n<td>210<\/td>\n<td>55%<\/td>\n<\/tr>\n<tr>\n<td>9<\/td>\n<td>POLJOPR. PREHRAMB.VETER. \u0160KOLA S.O\u017dANI\u0106A<\/td>\n<td>347<\/td>\n<td>330<\/td>\n<td>95%<\/td>\n<\/tr>\n<tr>\n<td>10<\/td>\n<td>POMORSKA \u0160KOLA<\/td>\n<td><\/td>\n<td><\/td>\n<td>#DIJ\/0!<\/td>\n<\/tr>\n<tr>\n<td>11<\/td>\n<td>PRIRODOSLOVNO GRAFI\u010cKA \u0160KOLA<\/td>\n<td>277<\/td>\n<td>227<\/td>\n<td>82%<\/td>\n<\/tr>\n<tr>\n<td>12<\/td>\n<td>SREDNJA \u0160KOLA BARTULA KA\u0160I\u0106A PAG<\/td>\n<td><\/td>\n<td><\/td>\n<td>#DIJ\/0!<\/td>\n<\/tr>\n<tr>\n<td>13<\/td>\n<td>SREDNJA \u0160KOLA OBROVAC<\/td>\n<td><\/td>\n<td><\/td>\n<td>#DIJ\/0!<\/td>\n<\/tr>\n<tr>\n<td>14<\/td>\n<td>S\u0160 BIOGRAD<\/td>\n<td>278<\/td>\n<td>270<\/td>\n<td>97%<\/td>\n<\/tr>\n<tr>\n<td>15<\/td>\n<td>S\u0160 KNEZA BRANIMIRA BENKOVAC<\/td>\n<td><\/td>\n<td><\/td>\n<td>#DIJ\/0!<\/td>\n<\/tr>\n<tr>\n<td>16<\/td>\n<td>STRUKOVNA \u0160KOLA VICE VLATKOVI\u0106A<\/td>\n<td>666<\/td>\n<td>643<\/td>\n<td>97%<\/td>\n<\/tr>\n<tr>\n<td>17<\/td>\n<td>\u0160KOLA PRIMIJENJENE UMJETNOSTI I DIZAJNA<\/td>\n<td><\/td>\n<td><\/td>\n<td>#DIJ\/0!<\/td>\n<\/tr>\n<tr>\n<td>18<\/td>\n<td>TEHNI\u010cKA \u0160KOLA ZADAR<\/td>\n<td><\/td>\n<td><\/td>\n<td>#DIJ\/0!<\/td>\n<\/tr>\n<tr>\n<td>19<\/td>\n<td>ZADARSKA PRIVATNA GIMNAZIJA<\/td>\n<td><\/td>\n<td><\/td>\n<td>#DIJ\/0!<\/td>\n<\/tr>\n<tr>\n<td><\/td>\n<td><\/td>\n<td><\/td>\n<td><\/td>\n<td><\/td>\n<\/tr>\n<tr>\n<td><\/td>\n<td>SVEUKUPNO<\/td>\n<td>3999<\/td>\n<td>4106<\/td>\n<td>103%<\/td>\n<\/tr>\n<\/tbody>\n<\/table>\n","protected":false},"excerpt":{"rendered":"<p>Poha\u0111anje vjeronauka u srednjim \u0161kolama \u00a0\u0161kolska godina 2017.\/2018. \u0161kola u\u010denici vjerou\u010denici % 1 OBRTNI\u010cKA \u0160KOLA GOJKA MATULINE #DIJ\/0! 2 EKONOMSKO-BIROTEHNI\u010cKA \u0160KOLA 571 #DIJ\/0! 3 GIMNAZIJA FRANJE PETRI\u0106A 375 318 85% 4 GIMNAZIJA JURJA BARAKOVI\u0106A 472 426 90% 5 GIMNAZIJA VLADIMIR NAZORA 556 522 94% 6 HOTELIJERSKO-TURISTI\u010cKA I UGOSTITELJSKA 439 382 87% 7 KLASI\u010cNA GIMNAZIJA IVANA [&hellip;]<\/p>\n","protected":false},"author":1,"featured_media":2375,"comment_status":"closed","ping_status":"closed","sticky":false,"template":"","format":"standard","meta":{"footnotes":""},"categories":[1,67],"tags":[],"class_list":["post-4915","post","type-post","status-publish","format-standard","has-post-thumbnail","hentry","category-obavijesti-uncategorized","category-statistika"],"_links":{"self":[{"href":"https:\/\/www.katehetski.zadarskanadbiskupija.hr\/index.php?rest_route=\/wp\/v2\/posts\/4915","targetHints":{"allow":["GET"]}}],"collection":[{"href":"https:\/\/www.katehetski.zadarskanadbiskupija.hr\/index.php?rest_route=\/wp\/v2\/posts"}],"about":[{"href":"https:\/\/www.katehetski.zadarskanadbiskupija.hr\/index.php?rest_route=\/wp\/v2\/types\/post"}],"author":[{"embeddable":true,"href":"https:\/\/www.katehetski.zadarskanadbiskupija.hr\/index.php?rest_route=\/wp\/v2\/users\/1"}],"replies":[{"embeddable":true,"href":"https:\/\/www.katehetski.zadarskanadbiskupija.hr\/index.php?rest_route=%2Fwp%2Fv2%2Fcomments&post=4915"}],"version-history":[{"count":3,"href":"https:\/\/www.katehetski.zadarskanadbiskupija.hr\/index.php?rest_route=\/wp\/v2\/posts\/4915\/revisions"}],"predecessor-version":[{"id":4918,"href":"https:\/\/www.katehetski.zadarskanadbiskupija.hr\/index.php?rest_route=\/wp\/v2\/posts\/4915\/revisions\/4918"}],"wp:featuredmedia":[{"embeddable":true,"href":"https:\/\/www.katehetski.zadarskanadbiskupija.hr\/index.php?rest_route=\/wp\/v2\/media\/2375"}],"wp:attachment":[{"href":"https:\/\/www.katehetski.zadarskanadbiskupija.hr\/index.php?rest_route=%2Fwp%2Fv2%2Fmedia&parent=4915"}],"wp:term":[{"taxonomy":"category","embeddable":true,"href":"https:\/\/www.katehetski.zadarskanadbiskupija.hr\/index.php?rest_route=%2Fwp%2Fv2%2Fcategories&post=4915"},{"taxonomy":"post_tag","embeddable":true,"href":"https:\/\/www.katehetski.zadarskanadbiskupija.hr\/index.php?rest_route=%2Fwp%2Fv2%2Ftags&post=4915"}],"curies":[{"name":"wp","href":"https:\/\/api.w.org\/{rel}","templated":true}]}}