{"id":4613,"date":"2017-11-03T19:02:29","date_gmt":"2017-11-03T18:02:29","guid":{"rendered":"http:\/\/www.katehetski.zadarskanadbiskupija.hr\/?p=4613"},"modified":"2017-11-03T20:39:35","modified_gmt":"2017-11-03T19:39:35","slug":"poziv-na-prvi-sastanak-za-zlatnu-harfu-2018","status":"publish","type":"post","link":"https:\/\/www.katehetski.zadarskanadbiskupija.hr\/?p=4613","title":{"rendered":"Poziv na prvi sastanak za Zlatnu harfu 2018."},"content":{"rendered":"<p style=\"text-align: center;\">\u017dUPNIM UREDIMA<\/p>\n<p style=\"text-align: center;\">VODITELJICAMA DJE\u010cJIH ZBOROVA\u00a0U ZADARSKOJ NADBISKUPIJI<\/p>\n<p>&nbsp;<\/p>\n<p>&nbsp;<\/p>\n<p>&nbsp;<\/p>\n<p>Po\u0161tovani\/e,<\/p>\n<p>sastanak radi organizacije i odr\u017eavanja Zlatne harfe 2018. godine odr\u017eat \u0107e se u subotu 18. studenog 2017. godine s po\u010detkom u 09:30 sati, u prostorijama Nadbiskupskog sjemeni\u0161ta Zmajevi\u0107, Trg sv. Sto\u0161ije 2.<\/p>\n<p>&nbsp;<\/p>\n<p>Raduju\u0107i se zajedni\u010dkom susretu srda\u010dno Vas pozdravljam u Gospodinu!<\/p>\n<p>&nbsp;<\/p>\n<p>S po\u0161tovanjem,<\/p>\n<p><em>\u00a0<\/em><\/p>\n","protected":false},"excerpt":{"rendered":"<p>Prvi sastanak dr\u017eat \u0107e se u subotu 18. studenog 2017. godine s po\u010detkom u 09:30 sati, u prostorijama Nadbiskupskog sjemeni\u0161ta Zmajevi\u0107, Trg sv. Sto\u0161ije 2.\u00a0&#8230;<\/p>\n","protected":false},"author":1,"featured_media":4615,"comment_status":"closed","ping_status":"closed","sticky":false,"template":"","format":"standard","meta":{"footnotes":""},"categories":[1,25],"tags":[],"class_list":["post-4613","post","type-post","status-publish","format-standard","has-post-thumbnail","hentry","category-obavijesti-uncategorized","category-zlatna-harfa-uncategorized"],"_links":{"self":[{"href":"https:\/\/www.katehetski.zadarskanadbiskupija.hr\/index.php?rest_route=\/wp\/v2\/posts\/4613","targetHints":{"allow":["GET"]}}],"collection":[{"href":"https:\/\/www.katehetski.zadarskanadbiskupija.hr\/index.php?rest_route=\/wp\/v2\/posts"}],"about":[{"href":"https:\/\/www.katehetski.zadarskanadbiskupija.hr\/index.php?rest_route=\/wp\/v2\/types\/post"}],"author":[{"embeddable":true,"href":"https:\/\/www.katehetski.zadarskanadbiskupija.hr\/index.php?rest_route=\/wp\/v2\/users\/1"}],"replies":[{"embeddable":true,"href":"https:\/\/www.katehetski.zadarskanadbiskupija.hr\/index.php?rest_route=%2Fwp%2Fv2%2Fcomments&post=4613"}],"version-history":[{"count":3,"href":"https:\/\/www.katehetski.zadarskanadbiskupija.hr\/index.php?rest_route=\/wp\/v2\/posts\/4613\/revisions"}],"predecessor-version":[{"id":4620,"href":"https:\/\/www.katehetski.zadarskanadbiskupija.hr\/index.php?rest_route=\/wp\/v2\/posts\/4613\/revisions\/4620"}],"wp:featuredmedia":[{"embeddable":true,"href":"https:\/\/www.katehetski.zadarskanadbiskupija.hr\/index.php?rest_route=\/wp\/v2\/media\/4615"}],"wp:attachment":[{"href":"https:\/\/www.katehetski.zadarskanadbiskupija.hr\/index.php?rest_route=%2Fwp%2Fv2%2Fmedia&parent=4613"}],"wp:term":[{"taxonomy":"category","embeddable":true,"href":"https:\/\/www.katehetski.zadarskanadbiskupija.hr\/index.php?rest_route=%2Fwp%2Fv2%2Fcategories&post=4613"},{"taxonomy":"post_tag","embeddable":true,"href":"https:\/\/www.katehetski.zadarskanadbiskupija.hr\/index.php?rest_route=%2Fwp%2Fv2%2Ftags&post=4613"}],"curies":[{"name":"wp","href":"https:\/\/api.w.org\/{rel}","templated":true}]}}