{"id":3950,"date":"2016-12-23T09:52:18","date_gmt":"2016-12-23T08:52:18","guid":{"rendered":"http:\/\/www.katehetski.zadarskanadbiskupija.hr\/?p=3950"},"modified":"2016-12-29T08:55:06","modified_gmt":"2016-12-29T07:55:06","slug":"bozicni-susret-zadarskog-nadbiskupa-i-ravnatelja-osnovnih-i-srednjih-skola","status":"publish","type":"post","link":"https:\/\/www.katehetski.zadarskanadbiskupija.hr\/?p=3950","title":{"rendered":"BO\u017dI\u0106NI SUSRET ZADARSKOG NADBISKUPA I RAVNATELJA OSNOVNIH I SREDNJIH \u0160KOLA"},"content":{"rendered":"<p>&nbsp;<\/p>\n<p>Bo\u017ei\u0107ni susret zadarskog nadbiskupa \u017delimira Pulji\u0107a i ravnatelja osnovnih i srednjih \u0161kola Zadarske \u017eupanije odr\u017ean je u \u010detvrtak 22. prosinca u salonu Nadbiskupskog sjemeni\u0161ta \u2018Zmajevi\u0107\u2019 u Zadru. U pozdravnom govoru mr. don Ga\u0161par Dodi\u0107, predstojnik Katehetskog ureda Zadarske nadbiskupije, rekao je da je vrijeme Bo\u017ei\u0107a \u201epovla\u0161tena prilika koja nas tjera na razmi\u0161ljanje o Bo\u017ejoj pedagogiji neizmjerne ljubavi prema \u010dovjeku koju ostvaruje po utjelovljenoj Rije\u010di, Isusu iz Nazareta\u201c. Ta Rije\u010d \u010dovjeku govori da ga voli.<\/p>\n<p>\u201eIzra\u017eavam veliko zadovoljstvo \u0161to je dvadeset i pet godina po ponovnom vjeronauku u hrvatskim \u0161kolama na djelu Bo\u017eja pedagogija\u201c rekao je Dodi\u0107, zahvaliv\u0161i ravnateljima i vjerou\u010diteljima \u0161to svesrdno i stru\u010dno pou\u010davaju i odgajaju mlade, kako bi prihvatili bogatstvo \u017eivota, suo\u010dili se sa stvarno\u0161\u0107u i postali svjesni trajnih vrijednosti. Rade \u0160imi\u010devi\u0107, ravnatelj Gimnazije Vladimira Nazora i voditelj Vije\u0107a ravnatelja, u obra\u0107anju nadbiskupu rekao je da Bo\u017ei\u0107 donosi novo ozra\u010dje, radosti, dobrote, novo svjetlo. Isus se rodio kao maleno dijete da ga se \u010dovjek ne boji, da mu mo\u017ee pri\u0107i, po njemu je svim ljudima, bez razlike, dano dostojanstvo \u010dovjeka.<\/p>\n<p>\u201eU \u0161koli se trudimo odgajati hrvatsku mlade\u017e u skladu s civilizacijskim dosezima i u duhu kr\u0161\u0107anstva. Nadam se da to radimo dobro. Suradnja izme\u0111u Crkve i \u0161kole kroz nastavu vjeronauka budi nadu da mo\u017eemo o\u010duvati obitelji u kojima se stvara \u017eivot i ra\u0111a vjera\u201c rekao je \u0160imi\u010devi\u0107, po\u017eeljev\u0161i mons. Pulji\u0107u da bude bri\u017ean prema vjernicima i da mu Bo\u017ei\u0107 bude trajna inspiracija u upravljanju nadbiskupijom.<\/p>\n<p>Nadbiskup je zahvalio na \u010destitkama slo\u017eiv\u0161i se s ravnateljem \u0160imi\u010devi\u0107em da Isus dolazi da donese novo ozra\u010dje, da ne bude razlika s obzirom na male i velike, rase i vjeru, da svi budu bra\u0107a. To je zna\u010denje Bo\u017ei\u0107a. U obra\u0107anju je mons. Pulji\u0107 istaknuo zna\u010daj 40. godi\u0161njice po\u010detka velike devetnice koju su hrvatski biskupi organizirali i proveli u Hrvatskoj.<\/p>\n<p>\u201eKad sad razmi\u0161ljamo 40 godina unatrag, vidimo da je to bio providonosan \u010din i vrlo va\u017ean doga\u0111aj. Ono \u0161to sada u\u017eivamo kao slobodan narod i neovisna dr\u017eava ima svoje korijene i u tim doga\u0111ajima\u201c rekao je mons. Pulji\u0107 daruju\u0107i ravnateljima knji\u017eicu spomena na te godine s naslovom \u2018Velika nam djela u\u010dini Svesilni\u2019. \u201ePo\u010detak narodnih hodo\u010da\u0161\u0107a se dogodio nakon gu\u0161enja Hrvatskog prolje\u0107a. Bio sam tada u Rimu i bio sam jako \u017ealostan, poti\u0161ten, kao da je ne\u0161to potonulo. Oti\u0161ao sam u Rim kad je Hrvatsko prolje\u0107e bilo na vrhuncu i budilo nade, vjerske, nacionalne, narodne, kulturne. A onda je do\u0161la sje\u010da. U\u010dinilo mi se kao da su potonule sve la\u0111e\u201c sjetio se mons. Pulji\u0107 tog vremena, istaknuv\u0161i da hrvatski pastiri onog vremena, pogo\u0111eni time, nisu ostali skr\u0161tenih ruku, nego su u\u010dinili veliko djelo kojeg se dobro prisje\u0107ati, podsje\u0107ati druge i sebe.<\/p>\n<p>\u201eCrkva se u tom trenutku sabrala i na sebi svojstven na\u010din, \u0161to je na\u010din kako Crkva djeluje, po\u010dela okupljati narod u sveti\u0161tima. Najprije u Solinu 1976. g., kad se okupilo par desetaka tisu\u0107a ljudi, 1978. g. u Biskupiji kod Knina, 1979. g. u Ninu. Zavr\u0161ilo je u Mariji Bistrici Nacionalnim euharistijskim kongresom 9. rujna 1984. g. na kojem se okupilo pola milijuna ljudi\u201c rekao je mons. Pulji\u0107. Dr\u017eavne novine su pisale da je u Bistrici bilo par desetaka tisu\u0107a ljudi.<\/p>\n<p>Nadbiskup je rekao da je tada predstavnik dr\u017eave u odnosima s vjerskim zajednicama u razgovoru s kardinalom Franjom Kuhari\u0107em upitao ga, otkud tolika razlika u broju prido\u0161lih ljudi, kojeg dr\u017eavne i crkvene novine, Glas Koncila, razli\u010dito navode. Kardinal Kuhari\u0107 mu je odgovorio: \u2018Gospon, svak\u2019 je svoje brojio\u2019. Na kongres u Mariju Bistricu se bilo pozvalo i papu Pavla VI., ali on nije do\u0161ao, uz odgovor iz Vatikana, \u201eNisu sazrele prilike za to\u201c.<\/p>\n<p>\u201eTo je bio nezaboravni duhovni doga\u0111aj. Knji\u017eica\u00a0 slu\u017ei za informaciju i korisna je jer mo\u017ee biti povoljan materijal da o toj temi djeca napi\u0161u neki seminar, da se ne zaboravi taj doprinos hrvatskoj slobodi\u201c rekao je mons. Pulji\u0107. Po\u017eelio je ravnateljima da im bo\u017ei\u0107ni dani budu ispunjeni smislom koji je donio Bo\u017eji Sin i kojim nas je htio obogatiti. (preuzeto sa\u00a0http:\/\/www.zadarskanadbiskupija.hr\/?p=21696)<\/p>\n","protected":false},"excerpt":{"rendered":"<p>&nbsp; Bo\u017ei\u0107ni susret zadarskog nadbiskupa \u017delimira Pulji\u0107a i ravnatelja osnovnih i srednjih \u0161kola Zadarske \u017eupanije odr\u017ean je u \u010detvrtak 22. prosinca u salonu Nadbiskupskog sjemeni\u0161ta \u2018Zmajevi\u0107\u2019 u Zadru. U pozdravnom govoru mr. don Ga\u0161par Dodi\u0107, predstojnik Katehetskog ureda Zadarske nadbiskupije, rekao je da je vrijeme Bo\u017ei\u0107a \u201epovla\u0161tena prilika koja nas tjera na razmi\u0161ljanje o Bo\u017ejoj [&hellip;]<\/p>\n","protected":false},"author":1,"featured_media":3954,"comment_status":"closed","ping_status":"closed","sticky":false,"template":"","format":"image","meta":{"footnotes":""},"categories":[27],"tags":[],"class_list":["post-3950","post","type-post","status-publish","format-image","has-post-thumbnail","hentry","category-dogadanja-uncategorized","post_format-post-format-image"],"_links":{"self":[{"href":"https:\/\/www.katehetski.zadarskanadbiskupija.hr\/index.php?rest_route=\/wp\/v2\/posts\/3950","targetHints":{"allow":["GET"]}}],"collection":[{"href":"https:\/\/www.katehetski.zadarskanadbiskupija.hr\/index.php?rest_route=\/wp\/v2\/posts"}],"about":[{"href":"https:\/\/www.katehetski.zadarskanadbiskupija.hr\/index.php?rest_route=\/wp\/v2\/types\/post"}],"author":[{"embeddable":true,"href":"https:\/\/www.katehetski.zadarskanadbiskupija.hr\/index.php?rest_route=\/wp\/v2\/users\/1"}],"replies":[{"embeddable":true,"href":"https:\/\/www.katehetski.zadarskanadbiskupija.hr\/index.php?rest_route=%2Fwp%2Fv2%2Fcomments&post=3950"}],"version-history":[{"count":2,"href":"https:\/\/www.katehetski.zadarskanadbiskupija.hr\/index.php?rest_route=\/wp\/v2\/posts\/3950\/revisions"}],"predecessor-version":[{"id":3956,"href":"https:\/\/www.katehetski.zadarskanadbiskupija.hr\/index.php?rest_route=\/wp\/v2\/posts\/3950\/revisions\/3956"}],"wp:featuredmedia":[{"embeddable":true,"href":"https:\/\/www.katehetski.zadarskanadbiskupija.hr\/index.php?rest_route=\/wp\/v2\/media\/3954"}],"wp:attachment":[{"href":"https:\/\/www.katehetski.zadarskanadbiskupija.hr\/index.php?rest_route=%2Fwp%2Fv2%2Fmedia&parent=3950"}],"wp:term":[{"taxonomy":"category","embeddable":true,"href":"https:\/\/www.katehetski.zadarskanadbiskupija.hr\/index.php?rest_route=%2Fwp%2Fv2%2Fcategories&post=3950"},{"taxonomy":"post_tag","embeddable":true,"href":"https:\/\/www.katehetski.zadarskanadbiskupija.hr\/index.php?rest_route=%2Fwp%2Fv2%2Ftags&post=3950"}],"curies":[{"name":"wp","href":"https:\/\/api.w.org\/{rel}","templated":true}]}}