{"id":3948,"date":"2016-12-23T09:30:42","date_gmt":"2016-12-23T08:30:42","guid":{"rendered":"http:\/\/www.katehetski.zadarskanadbiskupija.hr\/?p=3948"},"modified":"2016-12-29T08:56:03","modified_gmt":"2016-12-29T07:56:03","slug":"bozicna-cestitka-nadbiskupa","status":"publish","type":"post","link":"https:\/\/www.katehetski.zadarskanadbiskupija.hr\/?p=3948","title":{"rendered":"Bo\u017ei\u0107na \u010destitka Nadbiskupa"},"content":{"rendered":"<p style=\"text-align: center;\">Neka se Isus iznova rodi i sve nas preporodi!<\/p>\n<ol>\n<li>\u201eVe\u0107 se bli\u017ei vrijeme blago, ve\u0107 se bli\u017ei onaj \u010das; kad \u0107e izi\u0107i sunce drago, svanut svemu svijetu spas\u201c. Radosna smo srca i budna duha pjevali smo na zornicama pro\u0161lih dana ovu adventsku pjesmu u i\u0161\u010dekivanju Bo\u017ei\u0107a. O tom otajstvenom doga\u0111aju sve je re\u010deno one svete no\u0107i kad je na zemlju si\u0161la svjetlost velika. A u djetetu Isusu dogodio se Bo\u017eji dar ljudima, vremenima i svim narodima. Bog je, dakle, osobno \u201eradi nas ljudi i radi na\u0161eg spasenja\u201c si\u0161ao s nebesa i zdru\u017eio se s \u010dovjekom, zauvijek. Na to nas vizualno podsje\u0107aju jelke i jaslice koje smo postavljali po na\u0161im domovima. Zadar je ove godine imao privilegij u Gradskoj lo\u017ei otvoriti izlo\u017ebu \u201eKrakovske jaslice\u201c. U prigodi otvaranja izlo\u017ebe (29. XI. 2016.) ravnatelj Povijesnog muzeja iz Krakova Michal Niezabitowski u svom kratkom obra\u0107anju rekao je kako njegovi sugra\u0111ani \u201evjeruju da se Isus rodio u Krakovu\u201c. Pri tom je pogledao prema meni i s umilnim glasom komentirao kako se \u201enada da ja u svezi s time ne\u0107u imati odre\u0111enih zamjerki\u201c.<\/li>\n<\/ol>\n<p style=\"padding-left: 30px;\">Kad su i mene pozvali re\u0107i prigodno slovo, izrazio sam radost \u0161to \u0107emo mjesec i po dana preko bo\u017ei\u0107nih uradaka iz Poljske biti povezani s rodnom biskupijom dragog nam pape, svetog Ivana Pavla II. \u00a0I dodao kako uz ono Isusovo povijesno ro\u0111enje u Betlehemu prihva\u0107am izjavu gospodina Mihala \u201eda se Isus rodio i u Krakovu\u201c. Uzorci \u0161arenih jaslica, obilje\u017eeni patriotskim, vjerskim i umjetni\u010dkim datostima, pokazuju sna\u017enu poljsku bo\u017ei\u0107nu tradiciju. To je znak da se vjera u Isusa u tamo\u0161njem narodu dobro utjelovila i kulturu stvorila. A vjera koja ne ra\u0111a kulturu, osu\u0111ena je na odumiranje. Stoga, ako se Krist nanovo ne rodi u na\u0161im du\u0161ama, narodu i obiteljima, njegovo povijesno ro\u0111enje u Betlehemu ostat \u0107e doga\u0111aj koji se samo pamti i prepri\u010dava.<\/p>\n<p>&nbsp;<\/p>\n<ol start=\"2\">\n<li>A on nije do\u0161ao samo da se o njemu pri\u010da i pripovijeda, ve\u0107 da se iznova u nama i kod nas rodi i sve nas preporodi. I kad god se na\u0111emo pred jaslicama uvijek razmi\u0161ljamo o \u010dudesnom otajstvu Bo\u017ejeg silaska na ovu zemlju. O\u010dima vjere prepoznajemo u malom djetetu Bo\u017ejeg Sina Isusa Krista. To je nedoku\u010diva tajna Bo\u017ejega promisla koja budi u nama \u010de\u017enju za nebeskim dobrima. U djetetu Isusu ostvarilo ono \u0161to su proroci davno navijestili, a brojna pokoljenja s nestrpljenjem \u010dekala. I do\u010dekali radosni dan kad se u Betlehemu rodio Kralj neba i zemlje. Ovom blagdanu ne treba posebnih komentara. Sve je re\u010deno u samom doga\u0111aju. Na zemlju je si\u0161la svjetlost velika, a u djetetu Isusu stigao je O\u010dev dar zemlji, ljudima, svim vremenima i svim narodima.<\/li>\n<\/ol>\n<p style=\"padding-left: 30px;\">Bog je, dakle, osobno si\u0161ao s neba i u\u0161ao u na\u0161e obitelji i u na\u0161u osobnu povijest. Puninom \u010dovje\u0161tva on se sjedinio sa svakim ljudskim bi\u0107em. Pro\u017eivio je solidarno ljudski \u017eivot, od za\u010de\u0107a do smrti. Rastao je u dobi i mudrosti, radovao se, igrao, radio i plakao. A kao Mesija navje\u0161\u0107ivao je kraljevstvo Bo\u017eje i \u010dinio silna djela. Zato i veli Bo\u017ei\u0107na zborna molitva da je Bog \u201edivno sazdao \u010dovje\u010dje dostojanstvo, a po svome Sinu jo\u0161 ga divnije obnovio\u201c. Bo\u017ejim utjelovljenjem, dakle, zasjala je vrijednost ljudskoga \u017eivota, a Otac nebeski objavio koliko mu je stalo do \u010dovjeka (Iv 3, 16) i koliko je vrijedno svako ljudsko bi\u0107e.<\/p>\n<p>&nbsp;<\/p>\n<ol start=\"3\">\n<li>Draga bra\u0107o i sestre u Kristu! I ove godine mi \u0107emo u crkvama i na\u0161im domovima pjevati drage nam bo\u017ei\u0107ne pjesme i razmi\u0161ljati o neobi\u010dnom povijesnom doga\u0111aju i nedoku\u010divom otajstvu Bo\u017ejem. Isus, koji se davno utjelovio, \u017eeli nam se iznova pridru\u017eiti. \u017deli nas pohoditi i blagosloviti u na\u0161im domovima i priklju\u010diti se na\u0161em obiteljskom zajedni\u0161tvu. On i ove godine poput tihog lahora hoda ulicama na\u0161ih gradova i sela, zove nas i tra\u017ei. Kuca na vrata na\u0161ih srdaca i domova. I nosi darove blagoslova i mira. Ho\u0107emo li ga \u010duti od velike buke koja vlada u nama i oko nas. Osje\u0107amo li an\u0111eoske korove koji su ga dopratili?! \u010cujemo li nebesku pjesmu radosti kojom an\u0111eli veli\u010daju i slave Boga i objavljuju mir ljudima?!<\/li>\n<\/ol>\n<p style=\"padding-left: 30px;\">Vrijeme do\u0161a\u0161\u0107a idealno je razdoblje pripraviti sebe i svoje obitelji da ga primimo i ugostimo u na\u0161oj sredini. I vrlo pogodan trenutak da ga potra\u017eimo i zamolimo neka se i ove godine navrati kako bi \u010duo na\u0161 molitveni\u00a0 vapaj i osjetio da je on, doista, \u00a0mir i \u010de\u017enja du\u0161e na\u0161e.<\/p>\n<p style=\"padding-left: 30px;\">Sve\u0107enicima, redovnicima, redovnicama i cijelom puku zadarske nadbiskupije \u017eelim \u010destit Bo\u017ei\u0107 i mirom Bo\u017ejim blagoslovljenu Novu 2017. godinu! Koristim prigodu uputiti \u010destitke i dobre \u017eelje svim na\u0161im vjernicima koji \u017eive i rade diljem svijeta, posebice na\u0161im pomorcima. Neka ih Novoro\u0111eni obdari darovima radosti i mira kako bi bili i ostali ponosni na svoj rod i svoj dom, na svoje vjerske i narodne korijene. \u010cestit Bo\u017ei\u0107 i svima srda\u010dan pozdrav i blagoslov od Gospodina,<\/p>\n<p style=\"padding-left: 30px;\">\u2020 \u017delimir Pulji\u0107, nadbiskup zadarski<\/p>\n","protected":false},"excerpt":{"rendered":"<p>Neka se Isus iznova rodi i sve nas preporodi! \u201eVe\u0107 se bli\u017ei vrijeme blago, ve\u0107 se bli\u017ei onaj \u010das; kad \u0107e izi\u0107i sunce drago, svanut svemu svijetu spas\u201c. Radosna smo srca i budna duha pjevali smo na zornicama pro\u0161lih dana ovu adventsku pjesmu u i\u0161\u010dekivanju Bo\u017ei\u0107a. O tom otajstvenom doga\u0111aju sve je re\u010deno one svete [&hellip;]<\/p>\n","protected":false},"author":1,"featured_media":3952,"comment_status":"closed","ping_status":"closed","sticky":false,"template":"","format":"image","meta":{"footnotes":""},"categories":[37],"tags":[],"class_list":["post-3948","post","type-post","status-publish","format-image","has-post-thumbnail","hentry","category-poruke","post_format-post-format-image"],"_links":{"self":[{"href":"https:\/\/www.katehetski.zadarskanadbiskupija.hr\/index.php?rest_route=\/wp\/v2\/posts\/3948","targetHints":{"allow":["GET"]}}],"collection":[{"href":"https:\/\/www.katehetski.zadarskanadbiskupija.hr\/index.php?rest_route=\/wp\/v2\/posts"}],"about":[{"href":"https:\/\/www.katehetski.zadarskanadbiskupija.hr\/index.php?rest_route=\/wp\/v2\/types\/post"}],"author":[{"embeddable":true,"href":"https:\/\/www.katehetski.zadarskanadbiskupija.hr\/index.php?rest_route=\/wp\/v2\/users\/1"}],"replies":[{"embeddable":true,"href":"https:\/\/www.katehetski.zadarskanadbiskupija.hr\/index.php?rest_route=%2Fwp%2Fv2%2Fcomments&post=3948"}],"version-history":[{"count":2,"href":"https:\/\/www.katehetski.zadarskanadbiskupija.hr\/index.php?rest_route=\/wp\/v2\/posts\/3948\/revisions"}],"predecessor-version":[{"id":3953,"href":"https:\/\/www.katehetski.zadarskanadbiskupija.hr\/index.php?rest_route=\/wp\/v2\/posts\/3948\/revisions\/3953"}],"wp:featuredmedia":[{"embeddable":true,"href":"https:\/\/www.katehetski.zadarskanadbiskupija.hr\/index.php?rest_route=\/wp\/v2\/media\/3952"}],"wp:attachment":[{"href":"https:\/\/www.katehetski.zadarskanadbiskupija.hr\/index.php?rest_route=%2Fwp%2Fv2%2Fmedia&parent=3948"}],"wp:term":[{"taxonomy":"category","embeddable":true,"href":"https:\/\/www.katehetski.zadarskanadbiskupija.hr\/index.php?rest_route=%2Fwp%2Fv2%2Fcategories&post=3948"},{"taxonomy":"post_tag","embeddable":true,"href":"https:\/\/www.katehetski.zadarskanadbiskupija.hr\/index.php?rest_route=%2Fwp%2Fv2%2Ftags&post=3948"}],"curies":[{"name":"wp","href":"https:\/\/api.w.org\/{rel}","templated":true}]}}