{"id":3886,"date":"2016-12-14T10:37:27","date_gmt":"2016-12-14T09:37:27","guid":{"rendered":"http:\/\/www.katehetski.zadarskanadbiskupija.hr\/?p=3886"},"modified":"2016-12-14T11:20:30","modified_gmt":"2016-12-14T10:20:30","slug":"pohadanje-vjeronauka-u-srednjim-skolama-u-2016-2017-sk-god","status":"publish","type":"post","link":"https:\/\/www.katehetski.zadarskanadbiskupija.hr\/?p=3886","title":{"rendered":"Poha\u0111anje vjeronauka u srednjim \u0161kolama u 2016.\/2017. \u0161k.god."},"content":{"rendered":"<p>Poha\u0111anje vjeronauka u srednjim \u0161kolama Zadarske nadbiskupije<\/p>\n<p>&nbsp;<\/p>\n<table width=\"638\">\n<tbody>\n<tr>\n<td width=\"64\"><\/td>\n<td width=\"339\">\u0161kola<\/td>\n<td width=\"83\">u\u010denici<\/td>\n<td width=\"88\">vjerou\u010denici<\/td>\n<td width=\"64\">%<\/td>\n<\/tr>\n<tr>\n<td>1<\/td>\n<td>OBRTNI\u010cKA \u0160KOLA GOJKA MATULINE<\/td>\n<td>221<\/td>\n<td>208<\/td>\n<td>94%<\/td>\n<\/tr>\n<tr>\n<td>2<\/td>\n<td>EKONOMSKO-BIROTEHNI\u010cKA \u0160KOLA<\/td>\n<td>615<\/td>\n<td>602<\/td>\n<td>98%<\/td>\n<\/tr>\n<tr>\n<td>3<\/td>\n<td>GIMNAZIJA FRANJE PETRI\u0106A<\/td>\n<td>416<\/td>\n<td>353<\/td>\n<td>85%<\/td>\n<\/tr>\n<tr>\n<td>4<\/td>\n<td>GIMNAZIJA JURJA BARAKOVI\u0106A<\/td>\n<td>501<\/td>\n<td>457<\/td>\n<td>91%<\/td>\n<\/tr>\n<tr>\n<td>5<\/td>\n<td>GIMNAZIJA VLADIMIR NAZORA<\/td>\n<td>583<\/td>\n<td>552<\/td>\n<td>95%<\/td>\n<\/tr>\n<tr>\n<td>6<\/td>\n<td>HOTELIJERSKO-TURISTI\u010cKA I UGOSTITELJSKA<\/td>\n<td>585<\/td>\n<td>547<\/td>\n<td>94%<\/td>\n<\/tr>\n<tr>\n<td>7<\/td>\n<td>KLASI\u010cNA GIMNAZIJA IVANA PAVLA II.<\/td>\n<td>205<\/td>\n<td>205<\/td>\n<td>100%<\/td>\n<\/tr>\n<tr>\n<td>8<\/td>\n<td>MEDICINSKA \u0160KOLA ANTE KUZMANI\u0106A<\/td>\n<td>389<\/td>\n<td>210<\/td>\n<td>54%<\/td>\n<\/tr>\n<tr>\n<td>9<\/td>\n<td>POLJOPR. PREHRAMB.VETER. \u0160KOLA S.O\u017dANI\u0106A<\/td>\n<td>330<\/td>\n<td>319<\/td>\n<td>97%<\/td>\n<\/tr>\n<tr>\n<td>10<\/td>\n<td>POMORSKA \u0160KOLA<\/td>\n<td>409<\/td>\n<td>393<\/td>\n<td>96%<\/td>\n<\/tr>\n<tr>\n<td>11<\/td>\n<td>PRIRODOSLOVNO GRAFI\u010cKA \u0160KOLA<\/td>\n<td>287<\/td>\n<td>250<\/td>\n<td>87%<\/td>\n<\/tr>\n<tr>\n<td>12<\/td>\n<td>SREDNJA \u0160KOLA BARTULA KA\u0160I\u0106A PAG<\/td>\n<td>102<\/td>\n<td>99<\/td>\n<td>97%<\/td>\n<\/tr>\n<tr>\n<td>13<\/td>\n<td>SREDNJA \u0160KOLA OBROVAC<\/td>\n<td>85<\/td>\n<td>73<\/td>\n<td>86%<\/td>\n<\/tr>\n<tr>\n<td>14<\/td>\n<td>S\u0160 BIOGRAD<\/td>\n<td>290<\/td>\n<td>285<\/td>\n<td>98%<\/td>\n<\/tr>\n<tr>\n<td>15<\/td>\n<td>S\u0160 KNEZA BRANIMIRA BENKOVAC<\/td>\n<td>385<\/td>\n<td>374<\/td>\n<td>97%<\/td>\n<\/tr>\n<tr>\n<td>16<\/td>\n<td>STRUKOVNA \u0160KOLA VICE VLATKOVI\u0106A<\/td>\n<td>668<\/td>\n<td>643<\/td>\n<td>96%<\/td>\n<\/tr>\n<tr>\n<td>17<\/td>\n<td>\u0160KOLA PRIMIJENJENE UMJETNOSTI I DIZAJNA<\/td>\n<td>273<\/td>\n<td>231<\/td>\n<td>85%<\/td>\n<\/tr>\n<tr>\n<td>18<\/td>\n<td>TEHNI\u010cKA \u0160KOLA ZADAR<\/td>\n<td>443<\/td>\n<td>418<\/td>\n<td>94%<\/td>\n<\/tr>\n<tr>\n<td>19<\/td>\n<td>ZADARSKA PRIVATNA GIMNAZIJA<\/td>\n<td>104<\/td>\n<td>33<\/td>\n<td>32%<\/td>\n<\/tr>\n<tr>\n<td><\/td>\n<td><\/td>\n<td><\/td>\n<td><\/td>\n<td><\/td>\n<\/tr>\n<tr>\n<td><\/td>\n<td>SVEUKUPNO<\/td>\n<td>6891<\/td>\n<td>6252<\/td>\n<td>91%<\/td>\n<\/tr>\n<\/tbody>\n<\/table>\n","protected":false},"excerpt":{"rendered":"<p>Statisti\u010dki podatci o broju u\u010denika koji poha\u0111aju nastavu vjeronauka u srednjim \u0161kolama na podru\u010dju Zadarske nadbiskupije.<\/p>\n","protected":false},"author":1,"featured_media":2375,"comment_status":"closed","ping_status":"closed","sticky":false,"template":"","format":"image","meta":{"footnotes":""},"categories":[67],"tags":[],"class_list":["post-3886","post","type-post","status-publish","format-image","has-post-thumbnail","hentry","category-statistika","post_format-post-format-image"],"_links":{"self":[{"href":"https:\/\/www.katehetski.zadarskanadbiskupija.hr\/index.php?rest_route=\/wp\/v2\/posts\/3886","targetHints":{"allow":["GET"]}}],"collection":[{"href":"https:\/\/www.katehetski.zadarskanadbiskupija.hr\/index.php?rest_route=\/wp\/v2\/posts"}],"about":[{"href":"https:\/\/www.katehetski.zadarskanadbiskupija.hr\/index.php?rest_route=\/wp\/v2\/types\/post"}],"author":[{"embeddable":true,"href":"https:\/\/www.katehetski.zadarskanadbiskupija.hr\/index.php?rest_route=\/wp\/v2\/users\/1"}],"replies":[{"embeddable":true,"href":"https:\/\/www.katehetski.zadarskanadbiskupija.hr\/index.php?rest_route=%2Fwp%2Fv2%2Fcomments&post=3886"}],"version-history":[{"count":2,"href":"https:\/\/www.katehetski.zadarskanadbiskupija.hr\/index.php?rest_route=\/wp\/v2\/posts\/3886\/revisions"}],"predecessor-version":[{"id":3889,"href":"https:\/\/www.katehetski.zadarskanadbiskupija.hr\/index.php?rest_route=\/wp\/v2\/posts\/3886\/revisions\/3889"}],"wp:featuredmedia":[{"embeddable":true,"href":"https:\/\/www.katehetski.zadarskanadbiskupija.hr\/index.php?rest_route=\/wp\/v2\/media\/2375"}],"wp:attachment":[{"href":"https:\/\/www.katehetski.zadarskanadbiskupija.hr\/index.php?rest_route=%2Fwp%2Fv2%2Fmedia&parent=3886"}],"wp:term":[{"taxonomy":"category","embeddable":true,"href":"https:\/\/www.katehetski.zadarskanadbiskupija.hr\/index.php?rest_route=%2Fwp%2Fv2%2Fcategories&post=3886"},{"taxonomy":"post_tag","embeddable":true,"href":"https:\/\/www.katehetski.zadarskanadbiskupija.hr\/index.php?rest_route=%2Fwp%2Fv2%2Ftags&post=3886"}],"curies":[{"name":"wp","href":"https:\/\/api.w.org\/{rel}","templated":true}]}}