{"id":3340,"date":"2016-01-23T22:22:09","date_gmt":"2016-01-23T21:22:09","guid":{"rendered":"http:\/\/www.katehetski.zadarskanadbiskupija.hr\/?p=3340"},"modified":"2022-02-16T10:24:41","modified_gmt":"2022-02-16T09:24:41","slug":"rezultati-skolskog-natjecanja-osnovna-skola","status":"publish","type":"post","link":"https:\/\/www.katehetski.zadarskanadbiskupija.hr\/?p=3340","title":{"rendered":"Rezultati \u0161kolskog natjecanja iz vjeronauka &#8211; osnovna \u0161kola"},"content":{"rendered":"<p>&nbsp;<\/p>\n<table width=\"614\">\n<tbody>\n<tr>\n<td width=\"66\">Rd. br.<\/td>\n<td width=\"246\">Naziv \u0161kole<\/td>\n<td width=\"227\">Mentor<\/td>\n<td width=\"76\">Bodovi<\/td>\n<\/tr>\n<tr>\n<td width=\"66\"><span style=\"color: #ff0000;\"><strong>01.<\/strong><\/span><\/td>\n<td width=\"246\"><span style=\"color: #ff0000;\"><strong>O\u0160 Bra\u0107a Ribar &#8211; Posedarje<\/strong><\/span><\/td>\n<td width=\"227\"><span style=\"color: #ff0000;\"><strong>Berta Perica<\/strong><\/span><\/td>\n<td width=\"76\"><span style=\"color: #ff0000;\"><strong>364<\/strong><\/span><\/td>\n<\/tr>\n<tr>\n<td width=\"66\"><span style=\"color: #ff0000;\"><strong>02.<\/strong><\/span><\/td>\n<td width=\"246\"><span style=\"color: #ff0000;\"><strong>O\u0160 Bartula Ka\u0161i\u0107a &#8211; Zadar<\/strong><\/span><\/td>\n<td width=\"227\"><span style=\"color: #ff0000;\"><strong>Jolida Klari\u0107 i Ljiljana Elek<\/strong><\/span><\/td>\n<td width=\"76\"><span style=\"color: #ff0000;\"><strong>334<\/strong><\/span><\/td>\n<\/tr>\n<tr>\n<td width=\"66\"><span style=\"color: #ff0000;\"><strong>03.<\/strong><\/span><\/td>\n<td width=\"246\"><span style=\"color: #ff0000;\"><strong>O\u0160 \u0160imuna Ko\u017ei\u010di\u0107a Benje &#8211; Zadar<\/strong><\/span><\/td>\n<td width=\"227\"><span style=\"color: #ff0000;\"><strong>s. Marija Bero\u0161<\/strong><\/span><\/td>\n<td width=\"76\"><span style=\"color: #ff0000;\"><strong>323<\/strong><\/span><\/td>\n<\/tr>\n<tr>\n<td width=\"66\"><span style=\"color: #ff0000;\"><strong>04.<\/strong><\/span><\/td>\n<td width=\"246\"><span style=\"color: #ff0000;\"><strong>O\u0160 Benkovac &#8211; Benkovac<\/strong><\/span><\/td>\n<td width=\"227\"><span style=\"color: #ff0000;\"><strong>Mirjana Buljat<\/strong><\/span><\/td>\n<td width=\"76\"><span style=\"color: #ff0000;\"><strong>313<\/strong><\/span><\/td>\n<\/tr>\n<tr>\n<td width=\"66\"><span style=\"color: #ff0000;\"><strong>05.<\/strong><\/span><\/td>\n<td width=\"246\"><span style=\"color: #ff0000;\"><strong>O\u0160 Zadarski otoci &#8211; Zadar<\/strong><\/span><\/td>\n<td width=\"227\"><span style=\"color: #ff0000;\"><strong>Marija \u0160imuni\u0107<\/strong><\/span><\/td>\n<td width=\"76\"><span style=\"color: #ff0000;\"><strong>293<\/strong><\/span><\/td>\n<\/tr>\n<tr>\n<td width=\"66\"><span style=\"color: #ff0000;\"><strong>06.<\/strong><\/span><\/td>\n<td width=\"246\"><span style=\"color: #ff0000;\"><strong>O\u0160 Jurja Dalmatinca &#8211; Pag<\/strong><\/span><\/td>\n<td width=\"227\"><span style=\"color: #ff0000;\"><strong>\u00a0Ana s. Tamara Bota<\/strong><\/span><\/td>\n<td width=\"76\"><span style=\"color: #ff0000;\"><strong>288<\/strong><\/span><\/td>\n<\/tr>\n<tr>\n<td width=\"66\"><span style=\"color: #ff0000;\"><strong>07.<\/strong><\/span><\/td>\n<td width=\"246\"><span style=\"color: #ff0000;\"><strong>O\u0160 Petra Zorani\u0107a &#8211; Jasenice<\/strong><\/span><\/td>\n<td width=\"227\"><span style=\"color: #ff0000;\"><strong>Ru\u017ea Knez<\/strong><\/span><\/td>\n<td width=\"76\"><span style=\"color: #ff0000;\"><strong>287<\/strong><\/span><\/td>\n<\/tr>\n<tr>\n<td width=\"66\"><span style=\"color: #ff0000;\"><strong>08.<\/strong><\/span><\/td>\n<td width=\"246\"><span style=\"color: #ff0000;\"><strong>O\u0160 Vladimira Nazora &#8211; \u0160kabrnja<\/strong><\/span><\/td>\n<td width=\"227\"><span style=\"color: #ff0000;\"><strong>Anica Gale\u0161i\u0107<\/strong><\/span><\/td>\n<td width=\"76\"><span style=\"color: #ff0000;\"><strong>279<\/strong><\/span><\/td>\n<\/tr>\n<tr>\n<td width=\"66\"><span style=\"color: #ff0000;\"><strong>09.-10.<\/strong><\/span><\/td>\n<td width=\"246\"><span style=\"color: #ff0000;\"><strong>O\u0160 Smiljevac &#8211; Zadar<\/strong><\/span><\/td>\n<td width=\"227\"><span style=\"color: #ff0000;\"><strong>s.Antonela Malenica<\/strong><\/span><\/td>\n<td width=\"76\"><span style=\"color: #ff0000;\"><strong>278<\/strong><\/span><\/td>\n<\/tr>\n<tr>\n<td width=\"66\"><span style=\"color: #ff0000;\"><strong>09.-10.<\/strong><\/span><\/td>\n<td width=\"246\"><span style=\"color: #ff0000;\"><strong>O\u0160 Sv. Filip i Jakov &#8211; Sv. Filip i Jakov<\/strong><\/span><\/td>\n<td width=\"227\"><span style=\"color: #ff0000;\"><strong>Gabriela Vodopija<\/strong><\/span><\/td>\n<td width=\"76\"><span style=\"color: #ff0000;\"><strong>278<\/strong><\/span><\/td>\n<\/tr>\n<tr>\n<td width=\"66\"><span style=\"color: #ff0000;\"><strong>11.<\/strong><\/span><\/td>\n<td width=\"246\"><span style=\"color: #ff0000;\"><strong>O\u0160 Stjepana Radi\u0107a &#8211; Bibinje<\/strong><\/span><\/td>\n<td width=\"227\"><span style=\"color: #ff0000;\"><strong>Marina Jeli\u0107<\/strong><\/span><\/td>\n<td width=\"76\"><span style=\"color: #ff0000;\"><strong>265<\/strong><\/span><\/td>\n<\/tr>\n<tr>\n<td width=\"66\"><span style=\"color: #ff0000;\"><strong>12.<\/strong><\/span><\/td>\n<td width=\"246\"><span style=\"color: #ff0000;\"><strong>O\u0160 \u0160ime Budini\u0107a &#8211; Zadar<\/strong><\/span><\/td>\n<td width=\"227\"><span style=\"color: #ff0000;\"><strong>Bla\u017eenka Mar\u010dina<\/strong><\/span><\/td>\n<td width=\"76\"><span style=\"color: #ff0000;\"><strong>264<\/strong><\/span><\/td>\n<\/tr>\n<tr>\n<td width=\"66\">13.-14.<\/td>\n<td width=\"246\">O\u0160 Privlaka &#8211; Privlaka<\/td>\n<td width=\"227\">Iva Lili\u0107 Pekas<\/td>\n<td width=\"76\">261<\/td>\n<\/tr>\n<tr>\n<td width=\"66\">13.-14.<\/td>\n<td width=\"246\">O\u0160 Zemunik &#8211; Zemunik<\/td>\n<td width=\"227\">Tomislav Paleka<\/td>\n<td width=\"76\">261<\/td>\n<\/tr>\n<tr>\n<td width=\"66\">15.<\/td>\n<td width=\"246\">O\u0160 Biograd &#8211; Biograd n\/m<\/td>\n<td width=\"227\">Ozana Crnogorac i Ivana Viduka<\/td>\n<td width=\"76\">220<\/td>\n<\/tr>\n<tr>\n<td width=\"66\">16.<\/td>\n<td width=\"246\">O\u0160 Valentin Klarin &#8211; Preko<\/td>\n<td width=\"227\">Lucija D\u017eapo<\/td>\n<td width=\"76\">213<\/td>\n<\/tr>\n<tr>\n<td width=\"66\">17.<\/td>\n<td width=\"246\">O\u0160 Petra Preradovi\u0107a &#8211; Zadar<\/td>\n<td width=\"227\">Jelena Marceli\u0107<\/td>\n<td width=\"76\">203<\/td>\n<\/tr>\n<tr>\n<td width=\"66\">18.<\/td>\n<td width=\"246\">O\u0160 Suko\u0161an &#8211; Suko\u0161an<\/td>\n<td width=\"227\">Anamarija Sovi\u0107<\/td>\n<td width=\"76\">178<\/td>\n<\/tr>\n<tr>\n<td width=\"66\">19.<\/td>\n<td width=\"246\">O\u0160 Kruno Krsti\u0107 &#8211; Zadar<\/td>\n<td width=\"227\">Lenka Perovi\u0107<\/td>\n<td width=\"76\">154<\/td>\n<\/tr>\n<\/tbody>\n<\/table>\n<p>Na nadbiskupijskom natjecanju, koje \u0107e se odr\u017eati 19. velja\u010de 2016. u 10:00 sati u O\u0160 Bartula Ka\u0161i\u0107a u Zadru, sudjelovat \u0107e dvanaest najuspje\u0161nijih ekipa iz osnovnih \u0161kola.<\/p>\n<p>&nbsp;<\/p>\n","protected":false},"excerpt":{"rendered":"<p>U  petak, 22. sije\u010dnja 2016.  odr\u017eana su \u0161kolska natjecanja iz vjeronauka  &#8211; vjeronau\u010dne olimpijade 2016. godine.  Sudjelovalo je 19 osnovnih \u0161kola s podru\u010dja na\u0161e nadbiskupije, a najvi\u0161e bodova osvojila je O\u0160 Bra\u0107a Ribar Poserarje iz Posedarja. <\/p>\n","protected":false},"author":1,"featured_media":3235,"comment_status":"closed","ping_status":"closed","sticky":false,"template":"","format":"standard","meta":{"footnotes":""},"categories":[91],"tags":[],"class_list":["post-3340","post","type-post","status-publish","format-standard","has-post-thumbnail","hentry","category-rezutlati-natjecanja"],"_links":{"self":[{"href":"https:\/\/www.katehetski.zadarskanadbiskupija.hr\/index.php?rest_route=\/wp\/v2\/posts\/3340","targetHints":{"allow":["GET"]}}],"collection":[{"href":"https:\/\/www.katehetski.zadarskanadbiskupija.hr\/index.php?rest_route=\/wp\/v2\/posts"}],"about":[{"href":"https:\/\/www.katehetski.zadarskanadbiskupija.hr\/index.php?rest_route=\/wp\/v2\/types\/post"}],"author":[{"embeddable":true,"href":"https:\/\/www.katehetski.zadarskanadbiskupija.hr\/index.php?rest_route=\/wp\/v2\/users\/1"}],"replies":[{"embeddable":true,"href":"https:\/\/www.katehetski.zadarskanadbiskupija.hr\/index.php?rest_route=%2Fwp%2Fv2%2Fcomments&post=3340"}],"version-history":[{"count":7,"href":"https:\/\/www.katehetski.zadarskanadbiskupija.hr\/index.php?rest_route=\/wp\/v2\/posts\/3340\/revisions"}],"predecessor-version":[{"id":3400,"href":"https:\/\/www.katehetski.zadarskanadbiskupija.hr\/index.php?rest_route=\/wp\/v2\/posts\/3340\/revisions\/3400"}],"wp:featuredmedia":[{"embeddable":true,"href":"https:\/\/www.katehetski.zadarskanadbiskupija.hr\/index.php?rest_route=\/wp\/v2\/media\/3235"}],"wp:attachment":[{"href":"https:\/\/www.katehetski.zadarskanadbiskupija.hr\/index.php?rest_route=%2Fwp%2Fv2%2Fmedia&parent=3340"}],"wp:term":[{"taxonomy":"category","embeddable":true,"href":"https:\/\/www.katehetski.zadarskanadbiskupija.hr\/index.php?rest_route=%2Fwp%2Fv2%2Fcategories&post=3340"},{"taxonomy":"post_tag","embeddable":true,"href":"https:\/\/www.katehetski.zadarskanadbiskupija.hr\/index.php?rest_route=%2Fwp%2Fv2%2Ftags&post=3340"}],"curies":[{"name":"wp","href":"https:\/\/api.w.org\/{rel}","templated":true}]}}