{"id":3325,"date":"2016-01-10T22:38:56","date_gmt":"2016-01-10T21:38:56","guid":{"rendered":"http:\/\/www.katehetski.zadarskanadbiskupija.hr\/?p=3325"},"modified":"2016-01-21T19:05:18","modified_gmt":"2016-01-21T18:05:18","slug":"zlatna-harfa-2016","status":"publish","type":"post","link":"https:\/\/www.katehetski.zadarskanadbiskupija.hr\/?p=3325","title":{"rendered":"Zlatna harfa 2016. &#8211; prvi sastanak"},"content":{"rendered":"<p>Svim voditeljima\/icama dje\u010djih \u017eupskih zborova Zadarske nadbiskupije<\/p>\n<p>&nbsp;<\/p>\n<p>Po\u0161tovani\/e,<\/p>\n<p>sastanak radi organizacije i odr\u017eavanja Zlatne harfe 2016. godine odr\u017eat \u0107e se u subotu 16. sije\u010dnja 2016. godine s po\u010detkom u 10.00 sati, u prostorijama Nadbiskupskog sjemeni\u0161ta Zmajevi\u0107, Trg sv. Sto\u0161ije 2.<\/p>\n<p>Molim da ve\u0107 imate gotove prijedloge vezane uz mjesto i vrijeme odr\u017eavanja Zlatne Harfe u na\u0161oj Nadbiskupiji.<\/p>\n<p>&nbsp;<\/p>\n<p>Raduju\u0107i se zajedni\u010dkom susretu srda\u010dno Vas pozdravljam u Gospodinu!<\/p>\n<p>&nbsp;<\/p>\n<p>S po\u0161tovanjem,<\/p>\n<p>mr.sc. don Ga\u0161par Dodi\u0107<\/p>\n<p><em>\u00a0<\/em><\/p>\n","protected":false},"excerpt":{"rendered":"<p>Svim voditeljima\/icama dje\u010djih \u017eupskih zborova Zadarske nadbiskupije &nbsp; Po\u0161tovani\/e, sastanak radi organizacije i odr\u017eavanja Zlatne harfe 2016. godine odr\u017eat \u0107e se u subotu 16. sije\u010dnja 2016. godine s po\u010detkom u 10.00 sati, u prostorijama Nadbiskupskog sjemeni\u0161ta Zmajevi\u0107, Trg sv. Sto\u0161ije 2. Molim da ve\u0107 imate gotove prijedloge vezane uz mjesto i vrijeme odr\u017eavanja Zlatne Harfe [&hellip;]<\/p>\n","protected":false},"author":1,"featured_media":3159,"comment_status":"closed","ping_status":"closed","sticky":false,"template":"","format":"standard","meta":{"footnotes":""},"categories":[1,25],"tags":[],"class_list":["post-3325","post","type-post","status-publish","format-standard","has-post-thumbnail","hentry","category-obavijesti-uncategorized","category-zlatna-harfa-uncategorized"],"_links":{"self":[{"href":"https:\/\/www.katehetski.zadarskanadbiskupija.hr\/index.php?rest_route=\/wp\/v2\/posts\/3325","targetHints":{"allow":["GET"]}}],"collection":[{"href":"https:\/\/www.katehetski.zadarskanadbiskupija.hr\/index.php?rest_route=\/wp\/v2\/posts"}],"about":[{"href":"https:\/\/www.katehetski.zadarskanadbiskupija.hr\/index.php?rest_route=\/wp\/v2\/types\/post"}],"author":[{"embeddable":true,"href":"https:\/\/www.katehetski.zadarskanadbiskupija.hr\/index.php?rest_route=\/wp\/v2\/users\/1"}],"replies":[{"embeddable":true,"href":"https:\/\/www.katehetski.zadarskanadbiskupija.hr\/index.php?rest_route=%2Fwp%2Fv2%2Fcomments&post=3325"}],"version-history":[{"count":3,"href":"https:\/\/www.katehetski.zadarskanadbiskupija.hr\/index.php?rest_route=\/wp\/v2\/posts\/3325\/revisions"}],"predecessor-version":[{"id":3339,"href":"https:\/\/www.katehetski.zadarskanadbiskupija.hr\/index.php?rest_route=\/wp\/v2\/posts\/3325\/revisions\/3339"}],"wp:featuredmedia":[{"embeddable":true,"href":"https:\/\/www.katehetski.zadarskanadbiskupija.hr\/index.php?rest_route=\/wp\/v2\/media\/3159"}],"wp:attachment":[{"href":"https:\/\/www.katehetski.zadarskanadbiskupija.hr\/index.php?rest_route=%2Fwp%2Fv2%2Fmedia&parent=3325"}],"wp:term":[{"taxonomy":"category","embeddable":true,"href":"https:\/\/www.katehetski.zadarskanadbiskupija.hr\/index.php?rest_route=%2Fwp%2Fv2%2Fcategories&post=3325"},{"taxonomy":"post_tag","embeddable":true,"href":"https:\/\/www.katehetski.zadarskanadbiskupija.hr\/index.php?rest_route=%2Fwp%2Fv2%2Ftags&post=3325"}],"curies":[{"name":"wp","href":"https:\/\/api.w.org\/{rel}","templated":true}]}}