{"id":3225,"date":"2015-11-04T09:40:47","date_gmt":"2015-11-04T08:40:47","guid":{"rendered":"http:\/\/www.katehetski.zadarskanadbiskupija.hr\/?p=3225"},"modified":"2022-02-28T16:56:47","modified_gmt":"2022-02-28T15:56:47","slug":"upute-za-natjecanje-iz-vjeronauka-i-vremenik-natjecanja","status":"publish","type":"post","link":"https:\/\/www.katehetski.zadarskanadbiskupija.hr\/?p=3225","title":{"rendered":"Op\u0107e i posebne upute za natjecanje u 2016. godini"},"content":{"rendered":"<p>Objavljujemo op\u0107e i posebne upute za natjecanje iz vjeronauka i vremenik natjecanja u 2015.\/2016. \u0161kolskoj godini:<\/p>\n<p><a href=\"http:\/\/www.katehetski.zadarskanadbiskupija.hr\/wp-content\/upLoads\/2015\/11\/OPCE_UPUTE_2016.doc\">OPCE UPUTE za 2016. godinu <\/a><\/p>\n<p><a href=\"http:\/\/www.katehetski.zadarskanadbiskupija.hr\/wp-content\/upLoads\/2015\/11\/Pojedina\u010dne-upute-za-Natjecanje-iz-vjeronauka-vjeronau\u010dnu-olimpijadu-2016.doc\">Pojedina\u010dne upute za Natjecanje iz vjeronauka &#8211; vjeronau\u010dnu olimpijadu 2016.<\/a><\/p>\n<p><a href=\"http:\/\/www.katehetski.zadarskanadbiskupija.hr\/wp-content\/upLoads\/2015\/11\/Vremenik_2016.doc\">Vremenik natejcanje u 2016. godini<\/a><\/p>\n","protected":false},"excerpt":{"rendered":"<p>Objavljujemo op\u0107e i posebne upute za natjecanje iz vjeronauka i vremenik natjecanja u 2015.\/2016. \u0161kolskoj godini: OPCE UPUTE za 2016. godinu Pojedina\u010dne upute za Natjecanje iz vjeronauka &#8211; vjeronau\u010dnu olimpijadu 2016. Vremenik natejcanje u 2016. godini<\/p>\n","protected":false},"author":1,"featured_media":3235,"comment_status":"closed","ping_status":"closed","sticky":false,"template":"","format":"standard","meta":{"footnotes":""},"categories":[1,74],"tags":[],"class_list":["post-3225","post","type-post","status-publish","format-standard","has-post-thumbnail","hentry","category-obavijesti-uncategorized","category-upute-za-natjecanje"],"_links":{"self":[{"href":"https:\/\/www.katehetski.zadarskanadbiskupija.hr\/index.php?rest_route=\/wp\/v2\/posts\/3225","targetHints":{"allow":["GET"]}}],"collection":[{"href":"https:\/\/www.katehetski.zadarskanadbiskupija.hr\/index.php?rest_route=\/wp\/v2\/posts"}],"about":[{"href":"https:\/\/www.katehetski.zadarskanadbiskupija.hr\/index.php?rest_route=\/wp\/v2\/types\/post"}],"author":[{"embeddable":true,"href":"https:\/\/www.katehetski.zadarskanadbiskupija.hr\/index.php?rest_route=\/wp\/v2\/users\/1"}],"replies":[{"embeddable":true,"href":"https:\/\/www.katehetski.zadarskanadbiskupija.hr\/index.php?rest_route=%2Fwp%2Fv2%2Fcomments&post=3225"}],"version-history":[{"count":9,"href":"https:\/\/www.katehetski.zadarskanadbiskupija.hr\/index.php?rest_route=\/wp\/v2\/posts\/3225\/revisions"}],"predecessor-version":[{"id":3238,"href":"https:\/\/www.katehetski.zadarskanadbiskupija.hr\/index.php?rest_route=\/wp\/v2\/posts\/3225\/revisions\/3238"}],"wp:featuredmedia":[{"embeddable":true,"href":"https:\/\/www.katehetski.zadarskanadbiskupija.hr\/index.php?rest_route=\/wp\/v2\/media\/3235"}],"wp:attachment":[{"href":"https:\/\/www.katehetski.zadarskanadbiskupija.hr\/index.php?rest_route=%2Fwp%2Fv2%2Fmedia&parent=3225"}],"wp:term":[{"taxonomy":"category","embeddable":true,"href":"https:\/\/www.katehetski.zadarskanadbiskupija.hr\/index.php?rest_route=%2Fwp%2Fv2%2Fcategories&post=3225"},{"taxonomy":"post_tag","embeddable":true,"href":"https:\/\/www.katehetski.zadarskanadbiskupija.hr\/index.php?rest_route=%2Fwp%2Fv2%2Ftags&post=3225"}],"curies":[{"name":"wp","href":"https:\/\/api.w.org\/{rel}","templated":true}]}}