{"id":3025,"date":"2015-02-16T11:39:27","date_gmt":"2015-02-16T10:39:27","guid":{"rendered":"http:\/\/www.katehetski.zadarskanadbiskupija.hr\/?p=3025"},"modified":"2022-02-16T10:16:25","modified_gmt":"2022-02-16T09:16:25","slug":"program-natjecanja-iz-vjeronauka-2","status":"publish","type":"post","link":"https:\/\/www.katehetski.zadarskanadbiskupija.hr\/?p=3025","title":{"rendered":"Program natjecanja iz vjeronauka"},"content":{"rendered":"<p style=\"text-align: center;\">Nadbiskupijsko\/\u017eupanijsko natjecanje iz vjeronauka<\/p>\n<p style=\"text-align: center;\">odr\u017eat \u0107e se<\/p>\n<p style=\"text-align: center;\">u \u010detvrtak 19. velja\u010de 2015. godine<\/p>\n<p style=\"text-align: center;\">u Medicinskoj \u0161koli Ante Kuzmani\u0107a u Zadru.<\/p>\n<p>&nbsp;<\/p>\n<p style=\"font-style: inherit; font-weight: inherit;\">\u00a0Program natjecanja:<\/p>\n<p style=\"font-style: inherit; font-weight: inherit;\"><strong style=\"font-style: inherit;\">\u00a0&#8211; 8.45 sati<\/strong> \u2013 sastanak povjerenstva (\u0161kolska knji\u017enica)<\/p>\n<p style=\"font-style: inherit; font-weight: inherit;\"><strong style=\"font-style: inherit;\">\u00a0&#8211; 9.30 sati<\/strong> \u2013 okupljanje u\u010denika i mentora (II. kat, u\u010dionica\u00a0ra\u010dunalstva)<\/p>\n<p style=\"font-style: inherit; font-weight: inherit;\"><strong style=\"font-style: inherit;\">\u00a0&#8211; 9.40 sati<\/strong> \u2013 otvorenje natjecanja i upute<\/p>\n<p style=\"font-style: inherit; font-weight: inherit;\">\u00a0<strong style=\"font-style: inherit;\">&#8211; 10.00 sati<\/strong> \u2013 pismeni dio: test i tombola<\/p>\n<p>&nbsp;<\/p>\n<p style=\"font-style: inherit; font-weight: inherit;\"><strong style=\"font-style: inherit;\">&#8211; 11.45 &#8211; 12. 15 sati<\/strong> \u00a0\u2013 odmor uz sendvi\u0107 i sok u prostorijama \u0161kole<\/p>\n<p>&nbsp;<\/p>\n<p style=\"font-style: inherit; font-weight: inherit;\"><strong style=\"font-style: inherit;\">&#8211; 12. 15 \u2013 12.45 sati:<\/strong> <strong>privremena ljestvica poretka; <\/strong>uvid u testove i \u017ealbeni rok<\/p>\n<p style=\"font-style: inherit; font-weight: inherit;\"><strong>&#8211; \u00a013.00 sati<\/strong>\u00a0\u2013 usmeni dio natjecanja za prvih pet ekipa \u2013 milijunak<\/p>\n<p>&#8211; kona\u010dna ljestvica poretka<\/p>\n<p style=\"font-style: inherit; font-weight: inherit;\">&#8211; podjela priznanja<\/p>\n<p>&nbsp;<\/p>\n<p><strong>\u00a0<\/strong><\/p>\n","protected":false},"excerpt":{"rendered":"<p>Nadbiskupijsku razinu natjecanja organizira \u017dupanijsko povjerenstvo u suradnji s Katehetskim uredom na\u0161e Nadbiskupije. Na ovu razinu natjecanja dolaze ekipe koje su ostvarile najbolje rezultate na \u0161kolskom natjecanjima. <\/p>\n","protected":false},"author":1,"featured_media":1021,"comment_status":"closed","ping_status":"closed","sticky":false,"template":"","format":"standard","meta":{"footnotes":""},"categories":[1,74],"tags":[],"class_list":["post-3025","post","type-post","status-publish","format-standard","has-post-thumbnail","hentry","category-obavijesti-uncategorized","category-upute-za-natjecanje"],"_links":{"self":[{"href":"https:\/\/www.katehetski.zadarskanadbiskupija.hr\/index.php?rest_route=\/wp\/v2\/posts\/3025","targetHints":{"allow":["GET"]}}],"collection":[{"href":"https:\/\/www.katehetski.zadarskanadbiskupija.hr\/index.php?rest_route=\/wp\/v2\/posts"}],"about":[{"href":"https:\/\/www.katehetski.zadarskanadbiskupija.hr\/index.php?rest_route=\/wp\/v2\/types\/post"}],"author":[{"embeddable":true,"href":"https:\/\/www.katehetski.zadarskanadbiskupija.hr\/index.php?rest_route=\/wp\/v2\/users\/1"}],"replies":[{"embeddable":true,"href":"https:\/\/www.katehetski.zadarskanadbiskupija.hr\/index.php?rest_route=%2Fwp%2Fv2%2Fcomments&post=3025"}],"version-history":[{"count":3,"href":"https:\/\/www.katehetski.zadarskanadbiskupija.hr\/index.php?rest_route=\/wp\/v2\/posts\/3025\/revisions"}],"predecessor-version":[{"id":3028,"href":"https:\/\/www.katehetski.zadarskanadbiskupija.hr\/index.php?rest_route=\/wp\/v2\/posts\/3025\/revisions\/3028"}],"wp:featuredmedia":[{"embeddable":true,"href":"https:\/\/www.katehetski.zadarskanadbiskupija.hr\/index.php?rest_route=\/wp\/v2\/media\/1021"}],"wp:attachment":[{"href":"https:\/\/www.katehetski.zadarskanadbiskupija.hr\/index.php?rest_route=%2Fwp%2Fv2%2Fmedia&parent=3025"}],"wp:term":[{"taxonomy":"category","embeddable":true,"href":"https:\/\/www.katehetski.zadarskanadbiskupija.hr\/index.php?rest_route=%2Fwp%2Fv2%2Fcategories&post=3025"},{"taxonomy":"post_tag","embeddable":true,"href":"https:\/\/www.katehetski.zadarskanadbiskupija.hr\/index.php?rest_route=%2Fwp%2Fv2%2Ftags&post=3025"}],"curies":[{"name":"wp","href":"https:\/\/api.w.org\/{rel}","templated":true}]}}