{"id":7434,"date":"2025-06-11T16:23:00","date_gmt":"2025-06-11T14:23:00","guid":{"rendered":"https:\/\/www.katehetski.zadarskanadbiskupija.hr\/?p=7434"},"modified":"2025-07-01T16:28:37","modified_gmt":"2025-07-01T14:28:37","slug":"7434","status":"publish","type":"post","link":"http:\/\/www.katehetski.zadarskanadbiskupija.hr\/?p=7434","title":{"rendered":"Prigodni matarijal &#8211; Jubilej 2025."},"content":{"rendered":"<div>Na prijedlog Dru\u0161tva, vjerou\u010diteljica Marina \u0160imi\u010dev je izradila prezentaciju na temu: Jubilejska godina. Prila\u017ee i popis tema i podtema u koju se postoje\u0107a prezentacija mo\u017ee ukomponirati.<\/div>\n<div>Objavljujemo katehetski materijal kako bi i drugim vjerou\u010diteljima bilo od koristi u godini Jubileja.<\/div>\n<div><\/div>\n<p><a href=\"http:\/\/www.katehetski.zadarskanadbiskupija.hr\/wp-content\/upLoads\/2025\/07\/JUBILEJSKA_GODINA_2025.docx\">JUBILEJSKA_GODINA_2025.<\/a><\/p>\n<p><a href=\"http:\/\/www.katehetski.zadarskanadbiskupija.hr\/wp-content\/upLoads\/2025\/07\/JUBILEJSKA_GODINA_2025.pdf\">JUBILEJSKA_GODINA_2025.<\/a><\/p>\n","protected":false},"excerpt":{"rendered":"<p>Na prijedlog Dru\u0161tva, vjerou\u010diteljica Marina \u0160imi\u010dev je izradila prezentaciju na temu: Jubilejska godina. Prila\u017ee i popis tema i podtema u koju se postoje\u0107a prezentacija mo\u017ee ukomponirati. Objavljujemo katehetski materijal kako bi i drugim vjerou\u010diteljima bilo od koristi u godini Jubileja. JUBILEJSKA_GODINA_2025. JUBILEJSKA_GODINA_2025.<\/p>\n","protected":false},"author":1,"featured_media":0,"comment_status":"closed","ping_status":"closed","sticky":false,"template":"","format":"standard","meta":{"footnotes":""},"categories":[101],"tags":[],"class_list":["post-7434","post","type-post","status-publish","format-standard","hentry","category-udruga-vjeroucitelja"],"_links":{"self":[{"href":"http:\/\/www.katehetski.zadarskanadbiskupija.hr\/index.php?rest_route=\/wp\/v2\/posts\/7434","targetHints":{"allow":["GET"]}}],"collection":[{"href":"http:\/\/www.katehetski.zadarskanadbiskupija.hr\/index.php?rest_route=\/wp\/v2\/posts"}],"about":[{"href":"http:\/\/www.katehetski.zadarskanadbiskupija.hr\/index.php?rest_route=\/wp\/v2\/types\/post"}],"author":[{"embeddable":true,"href":"http:\/\/www.katehetski.zadarskanadbiskupija.hr\/index.php?rest_route=\/wp\/v2\/users\/1"}],"replies":[{"embeddable":true,"href":"http:\/\/www.katehetski.zadarskanadbiskupija.hr\/index.php?rest_route=%2Fwp%2Fv2%2Fcomments&post=7434"}],"version-history":[{"count":4,"href":"http:\/\/www.katehetski.zadarskanadbiskupija.hr\/index.php?rest_route=\/wp\/v2\/posts\/7434\/revisions"}],"predecessor-version":[{"id":7440,"href":"http:\/\/www.katehetski.zadarskanadbiskupija.hr\/index.php?rest_route=\/wp\/v2\/posts\/7434\/revisions\/7440"}],"wp:attachment":[{"href":"http:\/\/www.katehetski.zadarskanadbiskupija.hr\/index.php?rest_route=%2Fwp%2Fv2%2Fmedia&parent=7434"}],"wp:term":[{"taxonomy":"category","embeddable":true,"href":"http:\/\/www.katehetski.zadarskanadbiskupija.hr\/index.php?rest_route=%2Fwp%2Fv2%2Fcategories&post=7434"},{"taxonomy":"post_tag","embeddable":true,"href":"http:\/\/www.katehetski.zadarskanadbiskupija.hr\/index.php?rest_route=%2Fwp%2Fv2%2Ftags&post=7434"}],"curies":[{"name":"wp","href":"https:\/\/api.w.org\/{rel}","templated":true}]}}