{"id":7428,"date":"2025-06-11T16:18:42","date_gmt":"2025-06-11T14:18:42","guid":{"rendered":"https:\/\/www.katehetski.zadarskanadbiskupija.hr\/?p=7428"},"modified":"2025-07-01T16:22:07","modified_gmt":"2025-07-01T14:22:07","slug":"upoznajmo-zastitnike-nasega-grada-sv-zoilo","status":"publish","type":"post","link":"http:\/\/www.katehetski.zadarskanadbiskupija.hr\/?p=7428","title":{"rendered":"Upoznajmo za\u0161titnike na\u0161ega grada \u2013 sv. Zoilo"},"content":{"rendered":"<p>&nbsp;<\/p>\n<p><a href=\"http:\/\/www.katehetski.zadarskanadbiskupija.hr\/wp-content\/upLoads\/2025\/07\/Radni-listici-Sveti-Zoilo-zadarski-zastitnik.docx\"> Sveti Zoilo &#8211; zadarski za\u0161titnik<\/a><\/p>\n<p><a href=\"http:\/\/www.katehetski.zadarskanadbiskupija.hr\/wp-content\/upLoads\/2025\/07\/Slike-zadarskih-zastitnika.docx\">Slike zadarskih za\u0161titnika<\/a><\/p>\n<p><a href=\"http:\/\/www.katehetski.zadarskanadbiskupija.hr\/wp-content\/upLoads\/2025\/07\/Radni-listici-Sveti-Zoilo-zadarski-zastitnik.docx\">Radni listi\u0107i<\/a><\/p>\n<p><a href=\"http:\/\/www.katehetski.zadarskanadbiskupija.hr\/wp-content\/upLoads\/2025\/07\/Sv.-Zoilo-rebus.docx\">Sv. Zoilo &#8211; rebus<\/a><\/p>\n<p><a href=\"http:\/\/www.katehetski.zadarskanadbiskupija.hr\/wp-content\/upLoads\/2025\/07\/Sveti-Zoilo-zadarski-zastitnik-podatci.docx\">Sveti Zoilo &#8211; zadarski za\u0161titnik &#8211; podatci<\/a><\/p>\n","protected":false},"excerpt":{"rendered":"<p>&nbsp; Sveti Zoilo &#8211; zadarski za\u0161titnik Slike zadarskih za\u0161titnika Radni listi\u0107i Sv. Zoilo &#8211; rebus Sveti Zoilo &#8211; zadarski za\u0161titnik &#8211; podatci<\/p>\n","protected":false},"author":1,"featured_media":0,"comment_status":"closed","ping_status":"closed","sticky":false,"template":"","format":"standard","meta":{"footnotes":""},"categories":[101],"tags":[],"class_list":["post-7428","post","type-post","status-publish","format-standard","hentry","category-udruga-vjeroucitelja"],"_links":{"self":[{"href":"http:\/\/www.katehetski.zadarskanadbiskupija.hr\/index.php?rest_route=\/wp\/v2\/posts\/7428","targetHints":{"allow":["GET"]}}],"collection":[{"href":"http:\/\/www.katehetski.zadarskanadbiskupija.hr\/index.php?rest_route=\/wp\/v2\/posts"}],"about":[{"href":"http:\/\/www.katehetski.zadarskanadbiskupija.hr\/index.php?rest_route=\/wp\/v2\/types\/post"}],"author":[{"embeddable":true,"href":"http:\/\/www.katehetski.zadarskanadbiskupija.hr\/index.php?rest_route=\/wp\/v2\/users\/1"}],"replies":[{"embeddable":true,"href":"http:\/\/www.katehetski.zadarskanadbiskupija.hr\/index.php?rest_route=%2Fwp%2Fv2%2Fcomments&post=7428"}],"version-history":[{"count":1,"href":"http:\/\/www.katehetski.zadarskanadbiskupija.hr\/index.php?rest_route=\/wp\/v2\/posts\/7428\/revisions"}],"predecessor-version":[{"id":7433,"href":"http:\/\/www.katehetski.zadarskanadbiskupija.hr\/index.php?rest_route=\/wp\/v2\/posts\/7428\/revisions\/7433"}],"wp:attachment":[{"href":"http:\/\/www.katehetski.zadarskanadbiskupija.hr\/index.php?rest_route=%2Fwp%2Fv2%2Fmedia&parent=7428"}],"wp:term":[{"taxonomy":"category","embeddable":true,"href":"http:\/\/www.katehetski.zadarskanadbiskupija.hr\/index.php?rest_route=%2Fwp%2Fv2%2Fcategories&post=7428"},{"taxonomy":"post_tag","embeddable":true,"href":"http:\/\/www.katehetski.zadarskanadbiskupija.hr\/index.php?rest_route=%2Fwp%2Fv2%2Ftags&post=7428"}],"curies":[{"name":"wp","href":"https:\/\/api.w.org\/{rel}","templated":true}]}}