{"id":6999,"date":"2024-06-24T16:44:55","date_gmt":"2024-06-24T14:44:55","guid":{"rendered":"https:\/\/www.katehetski.zadarskanadbiskupija.hr\/?p=6999"},"modified":"2024-09-22T10:35:07","modified_gmt":"2024-09-22T08:35:07","slug":"zsv-vjeroucitelja-osnovnih-i-srednjih-zadarske-nadbiskupije","status":"publish","type":"post","link":"http:\/\/www.katehetski.zadarskanadbiskupija.hr\/?p=6999","title":{"rendered":"\u017dSV vjerou\u010ditelja osnovnih i srednjih Zadarske nadbiskupije"},"content":{"rendered":"<p>\u017dupanijsko stru\u010dno vije\u0107e vjerou\u010ditelja osnovnih i srednjih \u0161kola grada Zadra te \u017dupanijsko stru\u010dno vije\u0107e vjerou\u010ditelja osnovnih \u0161kola u prstenu oko grada Zadra odr\u017eat \u0107e se u ponedjeljak, <strong>1. srpnja 2024. godine u 17,00 sati<\/strong> u prostoru<strong> <em><u>Samostana \u0161kolskih sestara franjevki u Arbanasima, Trg Gospe Loretske 10.<\/u><\/em><\/strong><\/p>\n<p><strong>\u00a0<\/strong><strong>\u00a0<\/strong><\/p>\n<p>Dnevni red:<\/p>\n<ol>\n<li>Analiza rada \u017dSV-a vjerou\u010ditelja za 2023.\/2024. \u0161kolsku godinu<\/li>\n<li>Izbor i primjena kreativnih metoda i tehnika u osnovnoj i srednjoj \u0161koli, prof., Sanja s. Natanaela Radinovi\u0107, prof. i Anita Vuletin, prof.<\/li>\n<li>Razno<\/li>\n<li>Zahvalno Euharistijsko slavlje<\/li>\n<\/ol>\n<p><strong>Prijave za sudjelovanje u radu \u017dupanijskog stru\u010dnog skupa molimo Vas obavite elektronskim putem na ettaedu. <\/strong><\/p>\n<p><strong>\u00a0<\/strong><\/p>\n<p><strong>\u00a0<\/strong>Srda\u010dan pozdrav,<\/p>\n<ol>\n<li>Rita Mar\u017ei\u0107 i Marijana Dellavia<\/li>\n<\/ol>\n","protected":false},"excerpt":{"rendered":"<p>\u017dupanijsko stru\u010dno vije\u0107e svih vjerou\u010ditelja (osnovnih i srednjih \u0161kola) grada Zadra i u prstenu oko grada Zadra odr\u017eat \u0107e se u ponedjeljak, 1. srpnja 2024. &#8230;<\/p>\n","protected":false},"author":1,"featured_media":7309,"comment_status":"closed","ping_status":"closed","sticky":false,"template":"","format":"standard","meta":{"footnotes":""},"categories":[1,72],"tags":[],"class_list":["post-6999","post","type-post","status-publish","format-standard","has-post-thumbnail","hentry","category-obavijesti-uncategorized","category-strucna-vijeca"],"_links":{"self":[{"href":"http:\/\/www.katehetski.zadarskanadbiskupija.hr\/index.php?rest_route=\/wp\/v2\/posts\/6999","targetHints":{"allow":["GET"]}}],"collection":[{"href":"http:\/\/www.katehetski.zadarskanadbiskupija.hr\/index.php?rest_route=\/wp\/v2\/posts"}],"about":[{"href":"http:\/\/www.katehetski.zadarskanadbiskupija.hr\/index.php?rest_route=\/wp\/v2\/types\/post"}],"author":[{"embeddable":true,"href":"http:\/\/www.katehetski.zadarskanadbiskupija.hr\/index.php?rest_route=\/wp\/v2\/users\/1"}],"replies":[{"embeddable":true,"href":"http:\/\/www.katehetski.zadarskanadbiskupija.hr\/index.php?rest_route=%2Fwp%2Fv2%2Fcomments&post=6999"}],"version-history":[{"count":2,"href":"http:\/\/www.katehetski.zadarskanadbiskupija.hr\/index.php?rest_route=\/wp\/v2\/posts\/6999\/revisions"}],"predecessor-version":[{"id":7314,"href":"http:\/\/www.katehetski.zadarskanadbiskupija.hr\/index.php?rest_route=\/wp\/v2\/posts\/6999\/revisions\/7314"}],"wp:featuredmedia":[{"embeddable":true,"href":"http:\/\/www.katehetski.zadarskanadbiskupija.hr\/index.php?rest_route=\/wp\/v2\/media\/7309"}],"wp:attachment":[{"href":"http:\/\/www.katehetski.zadarskanadbiskupija.hr\/index.php?rest_route=%2Fwp%2Fv2%2Fmedia&parent=6999"}],"wp:term":[{"taxonomy":"category","embeddable":true,"href":"http:\/\/www.katehetski.zadarskanadbiskupija.hr\/index.php?rest_route=%2Fwp%2Fv2%2Fcategories&post=6999"},{"taxonomy":"post_tag","embeddable":true,"href":"http:\/\/www.katehetski.zadarskanadbiskupija.hr\/index.php?rest_route=%2Fwp%2Fv2%2Ftags&post=6999"}],"curies":[{"name":"wp","href":"https:\/\/api.w.org\/{rel}","templated":true}]}}