{"id":6986,"date":"2024-02-09T15:48:01","date_gmt":"2024-02-09T14:48:01","guid":{"rendered":"https:\/\/www.katehetski.zadarskanadbiskupija.hr\/?p=6986"},"modified":"2024-02-14T10:38:03","modified_gmt":"2024-02-14T09:38:03","slug":"rezultati-skolskog-natjecanja-iz-vjeronauka-u-srednjim-skolama","status":"publish","type":"post","link":"http:\/\/www.katehetski.zadarskanadbiskupija.hr\/?p=6986","title":{"rendered":"Rezultati \u0161kolskog natjecanja iz Vjeronauka u srednjim \u0161kolama"},"content":{"rendered":"<p>\u0160kolsko natjecanje u srednjim \u0161kolama provedeno je u dvije kategorije: \u010detverogodi\u0161nje srednje \u0161kole i trogodi\u0161nje srednje \u0161kole. U kategoriji \u010detverogodi\u0161njih srednjih \u0161kola natjecalo se njih sedam a u kategoriji trogodi\u0161njih srednjih \u0161kola natjecala se samo jedna \u0161kola.<\/p>\n<p>Povjerenstvo za provedbu \u017eupanijskog\/nadbiskupijskog natjecanja analiziralo je pristigle testove i popratnu dokumentaciju i donijelo je odluku da se:<\/p>\n<ul>\n<li>u kategoriji \u010detverogodi\u0161njih srednjih \u0161kola na nadbiskupijsko natjecanje plasiralo svih 7 ekipa.<\/li>\n<li>u kategoriji trogodi\u0161njih srednjih \u0161kola na nadbiskupijsko natjecanje plasirala 1 ekipa.<\/li>\n<\/ul>\n<div dir=\"ltr\">Nakon provedenog \u0161kolskog natjecanja iz vjeronauka za osnovne \u0161kole, na podru\u010dju Zadarske nadbiskupije poredak je sljede\u0107i:<\/div>\n<p style=\"text-align: center;\"><strong>Rezultati \u0161kolskog natjecanja iz Vjeronauka \u2013 Vjeronau\u010dne olimpijade S\u0160<\/strong><\/p>\n<p style=\"text-align: center;\"><strong>Zadar, 07. velja\u010de 2024.<\/strong><\/p>\n<p><strong>\u010cetverogodi\u0161nje S\u0160<\/strong><\/p>\n<table>\n<tbody>\n<tr>\n<td width=\"66\"><strong>Rd. br.<\/strong><\/td>\n<td width=\"236\"><strong>Naziv \u0161kole<\/strong><\/td>\n<td width=\"217\"><strong>Mentor<\/strong><\/td>\n<td width=\"85\"><strong>Bodovi<\/strong><strong style=\"font-size: revert; font-family: inherit; color: initial;\">\u00a0<\/strong><\/td>\n<\/tr>\n<tr>\n<td width=\"66\"><strong>01.<\/strong><\/td>\n<td width=\"236\"><strong>Gimnazija Jurja Barakovi\u0107a &#8211; Zadar<\/strong><strong style=\"font-size: revert; font-family: inherit; color: initial;\">\u00a0<\/strong><\/td>\n<td width=\"217\"><strong>Slobodan \u0160ari\u0107<\/strong><\/td>\n<td width=\"85\"><strong>74.75<\/strong><\/td>\n<\/tr>\n<tr>\n<td width=\"66\"><strong>02.<\/strong><\/td>\n<td width=\"236\"><strong>Medicinska \u0161kola Ante Kuzmani\u0107a &#8211; Zadar<\/strong><\/td>\n<td width=\"217\"><strong>s.Danijela Kova\u010devi\u0107<\/strong><\/td>\n<td width=\"85\"><strong>68.00<\/strong><\/td>\n<\/tr>\n<tr>\n<td width=\"66\"><strong>03.<\/strong><\/td>\n<td width=\"236\"><strong>Klasi\u010dna gimnazija Ivana Pavla II. s pravom javnosti \u2013 Zadar<\/strong><strong style=\"font-size: revert; font-family: inherit; color: initial;\">\u00a0<\/strong><\/td>\n<td width=\"217\"><strong>Slava s. Viktorija Gad\u017ea <\/strong><\/td>\n<td width=\"85\"><strong>64.00<\/strong><\/td>\n<\/tr>\n<tr>\n<td width=\"66\"><strong>04.<\/strong><\/td>\n<td width=\"236\"><strong>Gimnazija Franje Petri\u0107a &#8211; Zadar<\/strong><\/td>\n<td width=\"217\"><strong>Marija Klanac &#8211; Jozi\u0107<\/strong><\/td>\n<td width=\"85\"><strong>48.75<\/strong><\/td>\n<\/tr>\n<tr>\n<td width=\"66\"><strong>05.<\/strong><\/td>\n<td width=\"236\"><strong>Srednja \u0161kola Biograd na Moru &#8211; Biograd na Moru<\/strong><strong style=\"font-size: revert; font-family: inherit; color: initial;\">\u00a0<\/strong><\/td>\n<td width=\"217\"><strong>An\u0111elo Du\u0161kovi\u0107<\/strong><\/td>\n<td width=\"85\"><strong>35.25<\/strong><\/td>\n<\/tr>\n<tr>\n<td width=\"66\"><strong>06.<\/strong><\/td>\n<td width=\"236\"><strong>Gimnazija Vladimira Nazora &#8211; Zadar<\/strong><\/td>\n<td width=\"217\"><strong>Jelena Mi\u010di\u0107<\/strong><\/td>\n<td width=\"85\"><strong>34.00<\/strong><\/td>\n<\/tr>\n<tr>\n<td width=\"66\"><strong>07.<\/strong><\/td>\n<td width=\"236\"><strong>Srednja \u0161kola kneza Branimira &#8211; Benkovac<\/strong><\/td>\n<td width=\"217\"><strong>Hrvoje O\u0161tri\u0107<\/strong><\/td>\n<td width=\"85\"><strong>32.75<\/strong><\/td>\n<\/tr>\n<tr>\n<td width=\"66\"><strong>08.<\/strong><\/td>\n<td width=\"236\"><strong>Pomorska \u0161kola &#8211; Zadar<\/strong><\/td>\n<td width=\"217\"><strong>Grgo Mi\u0161kovi\u0107<\/strong><\/td>\n<td width=\"85\"><strong>odustali<\/strong><\/td>\n<\/tr>\n<\/tbody>\n<\/table>\n<p><strong>\u00a0<\/strong><strong>\u00a0<\/strong><\/p>\n<p><strong>Trogodi\u0161nje S\u0160<\/strong><\/p>\n<table>\n<tbody>\n<tr>\n<td width=\"66\"><strong>Rd. br.<\/strong><\/td>\n<td width=\"236\"><strong>Naziv \u0161kole<\/strong><\/td>\n<td width=\"217\"><strong>Mentor<\/strong><\/td>\n<td width=\"85\"><strong>Bodovi<\/strong><strong style=\"font-size: revert; font-family: inherit; color: initial;\">\u00a0<\/strong><\/td>\n<\/tr>\n<tr>\n<td width=\"66\"><strong>01.<\/strong><\/td>\n<td width=\"236\"><strong>Obrtni\u010dka \u0161kola Gojka Matuline &#8211; Zadar<\/strong><\/td>\n<td width=\"217\"><strong>Vesna \u010cirjak<\/strong><\/td>\n<td width=\"85\"><strong>42.50<\/strong><\/td>\n<\/tr>\n<\/tbody>\n<\/table>\n<p><strong>\u00a0<\/strong><\/p>\n<p><span style=\"font-size: revert; color: initial;\">Predsjednica \u017dupanijskog povjerenstva:<\/span><\/p>\n<p>Ljiljana Elek, prof.<\/p>\n","protected":false},"excerpt":{"rendered":"<p>\u0160kolsko natjecanje u srednjim \u0161kolama provedeno je u dvije kategorije: \u010detverogodi\u0161nje srednje \u0161kole i trogodi\u0161nje srednje \u0161kole. U kategoriji \u010detverogodi\u0161njih srednjih \u0161kola natjecalo se njih sedam a u kategoriji trogodi\u0161njih srednjih \u0161kola natjecala se samo jedna \u0161kola. Povjerenstvo za provedbu \u017eupanijskog\/nadbiskupijskog natjecanja analiziralo je pristigle testove i popratnu dokumentaciju i donijelo je odluku da se: [&hellip;]<\/p>\n","protected":false},"author":1,"featured_media":0,"comment_status":"closed","ping_status":"closed","sticky":false,"template":"","format":"standard","meta":{"footnotes":""},"categories":[99,91],"tags":[],"class_list":["post-6986","post","type-post","status-publish","format-standard","hentry","category-natjecanje","category-rezutlati-natjecanja"],"_links":{"self":[{"href":"http:\/\/www.katehetski.zadarskanadbiskupija.hr\/index.php?rest_route=\/wp\/v2\/posts\/6986","targetHints":{"allow":["GET"]}}],"collection":[{"href":"http:\/\/www.katehetski.zadarskanadbiskupija.hr\/index.php?rest_route=\/wp\/v2\/posts"}],"about":[{"href":"http:\/\/www.katehetski.zadarskanadbiskupija.hr\/index.php?rest_route=\/wp\/v2\/types\/post"}],"author":[{"embeddable":true,"href":"http:\/\/www.katehetski.zadarskanadbiskupija.hr\/index.php?rest_route=\/wp\/v2\/users\/1"}],"replies":[{"embeddable":true,"href":"http:\/\/www.katehetski.zadarskanadbiskupija.hr\/index.php?rest_route=%2Fwp%2Fv2%2Fcomments&post=6986"}],"version-history":[{"count":6,"href":"http:\/\/www.katehetski.zadarskanadbiskupija.hr\/index.php?rest_route=\/wp\/v2\/posts\/6986\/revisions"}],"predecessor-version":[{"id":6997,"href":"http:\/\/www.katehetski.zadarskanadbiskupija.hr\/index.php?rest_route=\/wp\/v2\/posts\/6986\/revisions\/6997"}],"wp:attachment":[{"href":"http:\/\/www.katehetski.zadarskanadbiskupija.hr\/index.php?rest_route=%2Fwp%2Fv2%2Fmedia&parent=6986"}],"wp:term":[{"taxonomy":"category","embeddable":true,"href":"http:\/\/www.katehetski.zadarskanadbiskupija.hr\/index.php?rest_route=%2Fwp%2Fv2%2Fcategories&post=6986"},{"taxonomy":"post_tag","embeddable":true,"href":"http:\/\/www.katehetski.zadarskanadbiskupija.hr\/index.php?rest_route=%2Fwp%2Fv2%2Ftags&post=6986"}],"curies":[{"name":"wp","href":"https:\/\/api.w.org\/{rel}","templated":true}]}}