{"id":693,"date":"2012-03-19T11:06:46","date_gmt":"2012-03-19T10:06:46","guid":{"rendered":"http:\/\/www.katehetski.zadarskanadbiskupija.hr\/?p=693"},"modified":"2015-02-12T12:09:40","modified_gmt":"2015-02-12T11:09:40","slug":"prijave-za-zlatnu-harfu-2012","status":"publish","type":"post","link":"http:\/\/www.katehetski.zadarskanadbiskupija.hr\/?p=693","title":{"rendered":"Prijave za Zlatnu Harfu 2012."},"content":{"rendered":"<p>Tema ovogodi\u0161nje Zlatne Harfe je: <strong>Dolazak sv. Franje u Hrvatsku &#8211;  MIR i DOBRO!(1212.-2012.). <\/strong><\/p>\n<p>Pjesmu izbornu s notama i taksu od 500, 00 KN, treba poslati do 26. o\u017eujka u Katehetski Ured! <\/p>\n<p><strong>Prvi nastup ZH \u2013 ZADAR: 12. svibnja u 10.00 sati<\/strong> u Crkvi i samostanu sv. Frane .<br \/>\nNastupaju zborovi: ARBANASI; BIBINJE; NIN; PAG; PLO\u010cA; VO\u0160TARNICA; ZEMUNIK<\/p>\n<p>Na sv. Misi svira s. Svjetlana Para\u0111 iz Bibinja, a dirigira s. Kre\u0161imira Zanki iz Nina.  \u010citanje \u2013 Pag, Psalam Bibinje. Molitvu vjernika svi po jedan zaziv. <\/p>\n<p><strong>Dugi nastup ZH \u2013 KARIN: 19. svibnja u 10.00 sati <\/strong>u Crkvi sv. Terezije od Djeteta Isusa, a dru\u017eenje u franjeva\u010dkom samostanu Bezgr. Za\u010de\u0107a BDM <\/p>\n<p>Nastupaju zborovi:BIOGRAD; PUNTAMIKA; RELJA \u2013sv. Ivan Kr.; SMILJEVAC; SUKO\u0160AN<br \/>\nDEBELJAK<br \/>\nNa sv. Misi svira s. Agneta \u0110erek s Relje- sv. Ivan, a dirigira s. Anka \u0160pralja iz  Biograda. \u010citanje \u2013 Suko\u0161an-Debeljak, Psalam \u2013 Puntamika. Molitvu vjernika svi po jedan zaziv.<\/p>\n<p>NEKA SE RADOSNO SLAVI GOSPODIN!<\/p>\n","protected":false},"excerpt":{"rendered":"<p>Tema ovogodi\u0161nje Zlatne Harfe je: Dolazak sv. Franje u Hrvatsku &#8211; MIR i DOBRO!(1212.-2012.). Pjesmu izbornu s notama i taksu od 500, 00 KN, treba poslati do 26. o\u017eujka u Katehetski Ured! Prvi nastup ZH \u2013 ZADAR: 12. svibnja u 10.00 sati u Crkvi i samostanu sv. Frane . Nastupaju zborovi: ARBANASI; BIBINJE; NIN; PAG; [&hellip;]<\/p>\n","protected":false},"author":1,"featured_media":0,"comment_status":"closed","ping_status":"closed","sticky":false,"template":"","format":"standard","meta":{"footnotes":""},"categories":[25],"tags":[],"class_list":["post-693","post","type-post","status-publish","format-standard","hentry","category-zlatna-harfa-uncategorized"],"_links":{"self":[{"href":"http:\/\/www.katehetski.zadarskanadbiskupija.hr\/index.php?rest_route=\/wp\/v2\/posts\/693","targetHints":{"allow":["GET"]}}],"collection":[{"href":"http:\/\/www.katehetski.zadarskanadbiskupija.hr\/index.php?rest_route=\/wp\/v2\/posts"}],"about":[{"href":"http:\/\/www.katehetski.zadarskanadbiskupija.hr\/index.php?rest_route=\/wp\/v2\/types\/post"}],"author":[{"embeddable":true,"href":"http:\/\/www.katehetski.zadarskanadbiskupija.hr\/index.php?rest_route=\/wp\/v2\/users\/1"}],"replies":[{"embeddable":true,"href":"http:\/\/www.katehetski.zadarskanadbiskupija.hr\/index.php?rest_route=%2Fwp%2Fv2%2Fcomments&post=693"}],"version-history":[{"count":2,"href":"http:\/\/www.katehetski.zadarskanadbiskupija.hr\/index.php?rest_route=\/wp\/v2\/posts\/693\/revisions"}],"predecessor-version":[{"id":908,"href":"http:\/\/www.katehetski.zadarskanadbiskupija.hr\/index.php?rest_route=\/wp\/v2\/posts\/693\/revisions\/908"}],"wp:attachment":[{"href":"http:\/\/www.katehetski.zadarskanadbiskupija.hr\/index.php?rest_route=%2Fwp%2Fv2%2Fmedia&parent=693"}],"wp:term":[{"taxonomy":"category","embeddable":true,"href":"http:\/\/www.katehetski.zadarskanadbiskupija.hr\/index.php?rest_route=%2Fwp%2Fv2%2Fcategories&post=693"},{"taxonomy":"post_tag","embeddable":true,"href":"http:\/\/www.katehetski.zadarskanadbiskupija.hr\/index.php?rest_route=%2Fwp%2Fv2%2Ftags&post=693"}],"curies":[{"name":"wp","href":"https:\/\/api.w.org\/{rel}","templated":true}]}}