{"id":6029,"date":"2020-12-02T10:20:03","date_gmt":"2020-12-02T09:20:03","guid":{"rendered":"http:\/\/www.katehetski.zadarskanadbiskupija.hr\/?p=6029"},"modified":"2020-12-04T10:53:13","modified_gmt":"2020-12-04T09:53:13","slug":"odrzan-nadbiskupijski-strucni-skup-za-vjeroucitelje-3","status":"publish","type":"post","link":"http:\/\/www.katehetski.zadarskanadbiskupija.hr\/?p=6029","title":{"rendered":"Odr\u017ean nadbiskupijski stru\u010dni skup za vjerou\u010ditelje"},"content":{"rendered":"<p>U subotu 28. studenoga 2020. godine odr\u017ean je stru\u010dni skup za vjerou\u010ditelje u osnovnim i srednjim \u0161kolama na temu: <strong>Zdrav duh u zdravomu tijelu. Korelacija Katoli\u010dkog vjeronauka i Tjelesne i zdravstvene kulture.<\/strong>\u00a0 Zbog ve\u0107 poznatog fenomena Pandemije koronvirusa skup je odr\u017ean preko aplikacije ZOOM. Na skupu je sudjelovalo oko 150 vjerou\u010ditelja iz Zadarske, Dubrova\u010dke i \u0160ibenske (nad)biskupije.<\/p>\n<p>Okupljene je, najprije, pozdravila Sabina Marun\u010di\u0107, vi\u0161a savjetnica za Vjeronauk i moderatorica stru\u010dnog skupa. Potom je pozvala sve sudionike stru\u010dnoga skupa na molitvu koju je predvodila Marijana Dellavia a prigodnu molitvu je za ovaj susret napisao mr. don Ga\u0161par Dodi\u0107, predstojnik na\u0161ega ureda koji je jedan od suorganizatora navedenoga stru\u010dnoga skupa.<\/p>\n<p><strong>\u201eMOLITVA -STRU\u010cNI SKUP 2020.&#8221;<\/strong><\/p>\n<p>Gospodine Isuse Kriste,<\/p>\n<p>Bo\u017ee na\u0161 i Kralju na\u0161.<\/p>\n<p>Opasnost i \u0161irenje zaraze koranavirusa potreslo je sigurnost u svijetu,<\/p>\n<p>poljuljalo mnoga na\u0161a uvjerenja<\/p>\n<p>i bez odgovora ostavilo brojna na\u0161a pitanja.<\/p>\n<p>Zbunjeni, osje\u0107amo se nemo\u0107ni i izgubljeni,<\/p>\n<p>tim vi\u0161e \u0161to sve to\u00a0 djeluje na nas<\/p>\n<p>te nam ugro\u017eava du\u0161evno i tjelesno zdravlje.<\/p>\n<p>&nbsp;<\/p>\n<p>Molimo Te neka nam Duh Sveti podari tvoje o\u010di,<\/p>\n<p>tvoje srce, tvoje osje\u0107aje,<\/p>\n<p>kako bi na\u0161 pogled na \u010dovje\u010danstvo,<\/p>\n<p>na\u0161e osje\u0107anje i na\u0161e htijenje koje nas pokre\u0107u<\/p>\n<p>budu odraz tvoje ljubavi.<\/p>\n<p>&nbsp;<\/p>\n<p>Do\u0107i \u0107e\u0161 jednog dana u slavi,<\/p>\n<p>ali danas boravi\u0161 u svijetu po svakom na\u0161em izboru.<\/p>\n<p>Ispuni nas svojim Duhom, Gospodine,<\/p>\n<p>vodi, upravljaj i prosvjetljuj ono \u0161to jesmo i \u0161to izabiremo,<\/p>\n<p>kako bi se svijet osje\u0107ao zahva\u0107en tvojom nje\u017eno\u0161\u0107u.<\/p>\n<p>Amen!\u201c<\/p>\n<p>&nbsp;<\/p>\n<p>Prvo predavanje na temu \u010covjek i njegovo tijelo \u2013 ambivalentnosti zapadnoga mi\u0161ljenja odr\u017eao je fra Ante Vu\u010dkovi\u0107, profesor filozofije na KBF-u u Splitu. U svom predavanju govorio je o shva\u0107anju tijela kao prostoru proturje\u010dja. Profesor, dr. fra Ante napravio je presjek filozofske misli o tijelu kroz povijest i zavr\u0161io kr\u0161\u0107anskim pogledom na \u010dovjeka koje po\u010diva na svijesti o Kristovu utjelovljenju i Njegovoj tjelesnoj prisutnosti me\u0111u nama. Istaknuo je otu\u0111enost prema tijelu koje je postalo obilje\u017eje modernog na\u010dina \u017eivljenja, odnosno razliku izme\u0111u \u201eimati tijelo\u201c i \u201ebiti tijelo\u201c s posebnim naglaskom kako kr\u0161\u0107anstvo u sebi ima potencijal prepoznati \u010dovjeka kao jedinstvo duha i tijela. Na\u0161 je zadatak do\u0107i do svijesti o Kristovu utjelovljenju i njegovoj prisutnosti me\u0111u nama u tijelu, krvi i rije\u010di te od sada\u0161njeg \u017eivota i vjere u uskrsnu\u0107e tijela do susreta licem u lice.<\/p>\n<p>Nakon tematske rasprave, obavijesti iz Katehetskog ureda i Agencije za odgoj i obrazovanje te kratke stanke uslijedilo je drugo predavanje na temu koje je odr\u017eala Gina \u0160parada, profesorica psihologije na istom fakultetu. \u201eKult tjelesnosti kod djece i mladih danas \u2013 psiholo\u0161ko-sociolo\u0161ki pogled\u201c naslov je njezina predavanja. Govorila je o tijelu kao prostoru komunikacije koje pod pritiskom razli\u010ditih kultova tjelesnosti pretvaramo u objekt dokazivanja, \u010dime (osobito na\u0161i mladi) bje\u017eimo od autenti\u010dnoga ja i identificiramo se s mi\u0161ljenjima ljudi. Objasnila je razloge takvih pona\u0161anja i dala prakti\u010dne savjete kako se s njima nositi. S obzirom da djeca i mladi naj\u010de\u0161\u0107e upadaju u zamke kulta ljepote i kulta zdravlja, dr. \u0160parada je naglasila da ih je potrebno nau\u010diti strategijama reagiranja na kritike.<\/p>\n<p>U zavr\u0161nom dijelu stru\u010dnoga skupa, tri vjerou\u010diteljice predstavile su prakti\u010dne modele koreliranja Vjeronauka i TZK. Primjer za razrednu nastavu predstavila je Ana Zup\u010di\u0107 iz Dubrovnika, za predmetnu nastavu Jolida Klari\u0107 iz Zadra te za srednju \u0161kolu s. Renata Azinovi\u0107 iz \u0160ibenika.<\/p>\n","protected":false},"excerpt":{"rendered":"<p>U subotu 28. studenoga 2020. godine odr\u017ean je stru\u010dni skup za vjerou\u010ditelje u osnovnim i srednjim \u0161kolama na temu: Zdrav duh u zdravomu tijelu. Korelacija Katoli\u010dkog vjeronauka i Tjelesne i zdravstvene kulture.\u00a0 Zbog ve\u0107 poznatog fenomena Pandemije koronvirusa skup je odr\u017ean preko aplikacije ZOOM. Na skupu je sudjelovalo oko 150 vjerou\u010ditelja iz Zadarske, Dubrova\u010dke i [&hellip;]<\/p>\n","protected":false},"author":1,"featured_media":0,"comment_status":"closed","ping_status":"closed","sticky":false,"template":"","format":"standard","meta":{"footnotes":""},"categories":[27],"tags":[],"class_list":["post-6029","post","type-post","status-publish","format-standard","hentry","category-dogadanja-uncategorized"],"_links":{"self":[{"href":"http:\/\/www.katehetski.zadarskanadbiskupija.hr\/index.php?rest_route=\/wp\/v2\/posts\/6029","targetHints":{"allow":["GET"]}}],"collection":[{"href":"http:\/\/www.katehetski.zadarskanadbiskupija.hr\/index.php?rest_route=\/wp\/v2\/posts"}],"about":[{"href":"http:\/\/www.katehetski.zadarskanadbiskupija.hr\/index.php?rest_route=\/wp\/v2\/types\/post"}],"author":[{"embeddable":true,"href":"http:\/\/www.katehetski.zadarskanadbiskupija.hr\/index.php?rest_route=\/wp\/v2\/users\/1"}],"replies":[{"embeddable":true,"href":"http:\/\/www.katehetski.zadarskanadbiskupija.hr\/index.php?rest_route=%2Fwp%2Fv2%2Fcomments&post=6029"}],"version-history":[{"count":3,"href":"http:\/\/www.katehetski.zadarskanadbiskupija.hr\/index.php?rest_route=\/wp\/v2\/posts\/6029\/revisions"}],"predecessor-version":[{"id":6033,"href":"http:\/\/www.katehetski.zadarskanadbiskupija.hr\/index.php?rest_route=\/wp\/v2\/posts\/6029\/revisions\/6033"}],"wp:attachment":[{"href":"http:\/\/www.katehetski.zadarskanadbiskupija.hr\/index.php?rest_route=%2Fwp%2Fv2%2Fmedia&parent=6029"}],"wp:term":[{"taxonomy":"category","embeddable":true,"href":"http:\/\/www.katehetski.zadarskanadbiskupija.hr\/index.php?rest_route=%2Fwp%2Fv2%2Fcategories&post=6029"},{"taxonomy":"post_tag","embeddable":true,"href":"http:\/\/www.katehetski.zadarskanadbiskupija.hr\/index.php?rest_route=%2Fwp%2Fv2%2Ftags&post=6029"}],"curies":[{"name":"wp","href":"https:\/\/api.w.org\/{rel}","templated":true}]}}