{"id":5988,"date":"2020-10-12T10:41:32","date_gmt":"2020-10-12T08:41:32","guid":{"rendered":"http:\/\/www.katehetski.zadarskanadbiskupija.hr\/?p=5988"},"modified":"2024-09-14T17:31:29","modified_gmt":"2024-09-14T15:31:29","slug":"zupanijsko-strucno-vijece-vjeroucitelja-srednjih-skola","status":"publish","type":"post","link":"http:\/\/www.katehetski.zadarskanadbiskupija.hr\/?p=5988","title":{"rendered":"\u017dupanijsko stru\u010dno vije\u0107e vjerou\u010ditelja srednjih \u0161kola"},"content":{"rendered":"<p><strong>POLJOPRIVREDNA, PREHRAMBENA I VETERINARSKA <\/strong><\/p>\n<p><strong>\u0160KOLA STANKO O\u017dANI\u0106<\/strong><\/p>\n<p>Dr. Franje Tu\u0111mana 24\/H<\/p>\n<p>23000 Zadar<\/p>\n<p>s. Rita Marica Mar\u017ei\u0107, voditeljica \u017dSV-a vjerou\u010ditelja<\/p>\n<p>Zadar, 10. listopada 2020.<\/p>\n<p>&nbsp;<\/p>\n<p>&nbsp;<\/p>\n<p><strong>Predmet: OBAVIJEST<\/strong><\/p>\n<p>\u017dupanijsko stru\u010dno vije\u0107e <strong>vjerou\u010ditelja srednjih \u0161kola<\/strong> odr\u017eat \u0107e se u <strong>petak 23. listopada 2020. godine u 18:00 sati <\/strong>u Samostanu \u0160kolskih sestara franjevki, Trg Gospe Loretske 10, 23000 Zadar (Arbanasi).<\/p>\n<p>Dnevni red:<\/p>\n<ul>\n<li>Usvajanje Godi\u0161njeg plana i programa rada \u017dSV-a<\/li>\n<li>Kalendar rada Katehetskog ureda<\/li>\n<li>Uvid u jedinstveni Godi\u0161nji izvedbeni kurikulum za predmet vjeronauk<\/li>\n<li>Tematsko planiranje<\/li>\n<li>Komparacija planiranja nastave u gimnazijama i strukovnim \u0161kolama<\/li>\n<li>Razno<\/li>\n<\/ul>\n<p>&nbsp;<\/p>\n<p><strong>Susret \u0107e se odr\u017eati po\u0161tuju\u0107i epidemiolo\u0161ke mjere uz obavezno no\u0161enje maske i dr\u017eanje potrebne distance.<\/strong><\/p>\n<p><strong>Prijave za sudjelovanje u radu \u017dupanijskog stru\u010dnog skupa molim Vas obavite elektronskim putem, adresa: <a href=\"http:\/\/www.azoo.ettaedu.eu\">www.azoo.ettaedu.eu<\/a><\/strong><\/p>\n<p><strong>\u00a0<\/strong><\/p>\n<p><strong>Srda\u010dan pozdrav, <\/strong><\/p>\n<p><strong> Rita Mar\u017ei\u0107 <\/strong><\/p>\n<p><strong>\u00a0<\/strong><\/p>\n","protected":false},"excerpt":{"rendered":"<p>\u017dupanijsko stru\u010dno vije\u0107e vjerou\u010ditelja srednjih \u0161kola odr\u017eat \u0107e se u petak 23. listopada 2020. godine u 18:00 sati u Samostanu \u0160kolskih sestara franjevki, Trg Gospe Loretske 10, 23000 Zadar (Arbanasi).<\/p>\n","protected":false},"author":1,"featured_media":0,"comment_status":"closed","ping_status":"closed","sticky":false,"template":"","format":"standard","meta":{"footnotes":""},"categories":[1,72],"tags":[],"class_list":["post-5988","post","type-post","status-publish","format-standard","hentry","category-obavijesti-uncategorized","category-strucna-vijeca"],"_links":{"self":[{"href":"http:\/\/www.katehetski.zadarskanadbiskupija.hr\/index.php?rest_route=\/wp\/v2\/posts\/5988","targetHints":{"allow":["GET"]}}],"collection":[{"href":"http:\/\/www.katehetski.zadarskanadbiskupija.hr\/index.php?rest_route=\/wp\/v2\/posts"}],"about":[{"href":"http:\/\/www.katehetski.zadarskanadbiskupija.hr\/index.php?rest_route=\/wp\/v2\/types\/post"}],"author":[{"embeddable":true,"href":"http:\/\/www.katehetski.zadarskanadbiskupija.hr\/index.php?rest_route=\/wp\/v2\/users\/1"}],"replies":[{"embeddable":true,"href":"http:\/\/www.katehetski.zadarskanadbiskupija.hr\/index.php?rest_route=%2Fwp%2Fv2%2Fcomments&post=5988"}],"version-history":[{"count":3,"href":"http:\/\/www.katehetski.zadarskanadbiskupija.hr\/index.php?rest_route=\/wp\/v2\/posts\/5988\/revisions"}],"predecessor-version":[{"id":5997,"href":"http:\/\/www.katehetski.zadarskanadbiskupija.hr\/index.php?rest_route=\/wp\/v2\/posts\/5988\/revisions\/5997"}],"wp:attachment":[{"href":"http:\/\/www.katehetski.zadarskanadbiskupija.hr\/index.php?rest_route=%2Fwp%2Fv2%2Fmedia&parent=5988"}],"wp:term":[{"taxonomy":"category","embeddable":true,"href":"http:\/\/www.katehetski.zadarskanadbiskupija.hr\/index.php?rest_route=%2Fwp%2Fv2%2Fcategories&post=5988"},{"taxonomy":"post_tag","embeddable":true,"href":"http:\/\/www.katehetski.zadarskanadbiskupija.hr\/index.php?rest_route=%2Fwp%2Fv2%2Ftags&post=5988"}],"curies":[{"name":"wp","href":"https:\/\/api.w.org\/{rel}","templated":true}]}}