{"id":5416,"date":"2019-02-25T09:52:22","date_gmt":"2019-02-25T08:52:22","guid":{"rendered":"http:\/\/www.katehetski.zadarskanadbiskupija.hr\/?p=5416"},"modified":"2022-02-16T10:11:13","modified_gmt":"2022-02-16T09:11:13","slug":"nadbiskupijsko-natjecanje-iz-vjeronauka-vjeronaucna-olimpijada-2019","status":"publish","type":"post","link":"http:\/\/www.katehetski.zadarskanadbiskupija.hr\/?p=5416","title":{"rendered":"Nadbiskupijsko natjecanje iz vjeronauka \u2013 vjeronau\u010dna olimpijada 2019."},"content":{"rendered":"<p>Na \u0161kolskom natjecanju iz vjeronauka sudjelovalo je 15 osnovnih \u0161kola na\u0161e Nadbiskupije. Na nadbiskupijsko natjecanje plasiralo se njih 10. Od 9 srednjih \u0161kola \u2013 koliko ih je sudjelovalo na \u0161kolskom natjecanju iz vjeronauka \u2013 nadbiskupijskom natjecanju pristupit \u0107e 7 najuspje\u0161nijih.<\/p>\n<p>&nbsp;<\/p>\n<table width=\"563\">\n<tbody>\n<tr>\n<td width=\"125\"><\/td>\n<td style=\"text-align: center;\" width=\"438\">NATJECANJE IZ VJERONAUKA &#8211; VJERONAU\u010cNA OLIMPIJADA 2019.<\/td>\n<\/tr>\n<tr>\n<td style=\"text-align: center;\"><\/td>\n<td style=\"text-align: center;\">Ponedjeljak, 04. o\u017eujka 2019.<\/td>\n<\/tr>\n<tr>\n<td><\/td>\n<td style=\"text-align: center;\"><strong>u Osnovnoj \u0161koli Bartula Ka\u0161i\u0107a u Zadru<\/strong><\/td>\n<\/tr>\n<tr>\n<td colspan=\"2\">Program natjecanja:<\/td>\n<\/tr>\n<tr>\n<td><\/td>\n<td><\/td>\n<\/tr>\n<tr>\n<td>9:00 h<\/td>\n<td>Okupljanje \u010dlanova Povjerenstva<\/td>\n<\/tr>\n<tr>\n<td>9:40 h<\/td>\n<td>Okupljanje vjerou\u010denika i mentora<\/td>\n<\/tr>\n<tr>\n<td>10:00 h<\/td>\n<td>Prigodni program, otvorenje natjecanja i upute<\/td>\n<\/tr>\n<tr>\n<td>11:00 h &#8211; 11:45 h<\/td>\n<td>Pismeni dio natjecanja: pisani test<\/td>\n<\/tr>\n<tr>\n<td>11:50 h &#8211;<\/td>\n<td>Tombola (ekipni dio natjecanja O\u0160 u holu, a S\u0160 u u\u010dionici engleskog jezika br. 2 i likovne kulture)<\/td>\n<\/tr>\n<tr>\n<td>12:10 h<\/td>\n<td>Odmor vjerou\u010denika uz sendvi\u0107 i sok<\/td>\n<\/tr>\n<tr>\n<td>12:30 h &#8211; 14:20 h<\/td>\n<td>Povjerenstvo ispravlja testove u zbornici \u0161kole, a natjecatelji i mentori imaju euharistijsko slavlje i odmor<\/td>\n<\/tr>\n<tr>\n<td>14:25 h<\/td>\n<td>Privremena ljestvica poretka<\/td>\n<\/tr>\n<tr>\n<td>14:30 &#8211; 15:00 h<\/td>\n<td>Uvid u testove i \u017ealbeni rok<\/td>\n<\/tr>\n<tr>\n<td>15:00 h<\/td>\n<td>Usmeni dio natjecanja za prvih pet ekipa\u00a0 O\u0160- milijunak u zbornici \u0160kole, a S\u0160 u u\u010dionici engleskog jezika br.2<\/td>\n<\/tr>\n<tr>\n<td>15:30 h<\/td>\n<td>Kona\u010dna ljestvica poretka<\/td>\n<\/tr>\n<tr>\n<td><\/td>\n<td>Progla\u0161enje pobjedni\u010dkih ekipa O\u0160 i S\u0160 u holu \u0160kole<\/td>\n<\/tr>\n<tr>\n<td><\/td>\n<td>Podjela priznanja<\/td>\n<\/tr>\n<tr>\n<td><\/td>\n<td><\/td>\n<\/tr>\n<tr>\n<td><\/td>\n<td><\/td>\n<\/tr>\n<tr>\n<td><\/td>\n<td><\/td>\n<\/tr>\n<tr>\n<td colspan=\"2\">Predsjednice Povjerenstva:<\/td>\n<\/tr>\n<tr>\n<td><em>Ljiljana Elek<\/em><\/td>\n<td><\/td>\n<\/tr>\n<tr>\n<td><em>Marijana Dellavia<\/em><\/td>\n<td><\/td>\n<\/tr>\n<\/tbody>\n<\/table>\n","protected":false},"excerpt":{"rendered":"<p>Nadbiskupijsko natjecanje  iz vjeronauka &#8211; vjeronau\u010dna olimpijada 2019, na temu &#8220;Svjedoci Radosne vijesti u hrvatskom narodu&#8221; odr\u017eat \u0107e se u ponedjeljak 4. o\u017eujka 2019. u Osnovnoj \u0161koli Bartula Ka\u0161i\u0107a u Zadru&#8230;<\/p>\n","protected":false},"author":1,"featured_media":5165,"comment_status":"closed","ping_status":"closed","sticky":false,"template":"","format":"standard","meta":{"footnotes":""},"categories":[1,74],"tags":[],"class_list":["post-5416","post","type-post","status-publish","format-standard","has-post-thumbnail","hentry","category-obavijesti-uncategorized","category-upute-za-natjecanje"],"_links":{"self":[{"href":"http:\/\/www.katehetski.zadarskanadbiskupija.hr\/index.php?rest_route=\/wp\/v2\/posts\/5416","targetHints":{"allow":["GET"]}}],"collection":[{"href":"http:\/\/www.katehetski.zadarskanadbiskupija.hr\/index.php?rest_route=\/wp\/v2\/posts"}],"about":[{"href":"http:\/\/www.katehetski.zadarskanadbiskupija.hr\/index.php?rest_route=\/wp\/v2\/types\/post"}],"author":[{"embeddable":true,"href":"http:\/\/www.katehetski.zadarskanadbiskupija.hr\/index.php?rest_route=\/wp\/v2\/users\/1"}],"replies":[{"embeddable":true,"href":"http:\/\/www.katehetski.zadarskanadbiskupija.hr\/index.php?rest_route=%2Fwp%2Fv2%2Fcomments&post=5416"}],"version-history":[{"count":3,"href":"http:\/\/www.katehetski.zadarskanadbiskupija.hr\/index.php?rest_route=\/wp\/v2\/posts\/5416\/revisions"}],"predecessor-version":[{"id":5419,"href":"http:\/\/www.katehetski.zadarskanadbiskupija.hr\/index.php?rest_route=\/wp\/v2\/posts\/5416\/revisions\/5419"}],"wp:featuredmedia":[{"embeddable":true,"href":"http:\/\/www.katehetski.zadarskanadbiskupija.hr\/index.php?rest_route=\/wp\/v2\/media\/5165"}],"wp:attachment":[{"href":"http:\/\/www.katehetski.zadarskanadbiskupija.hr\/index.php?rest_route=%2Fwp%2Fv2%2Fmedia&parent=5416"}],"wp:term":[{"taxonomy":"category","embeddable":true,"href":"http:\/\/www.katehetski.zadarskanadbiskupija.hr\/index.php?rest_route=%2Fwp%2Fv2%2Fcategories&post=5416"},{"taxonomy":"post_tag","embeddable":true,"href":"http:\/\/www.katehetski.zadarskanadbiskupija.hr\/index.php?rest_route=%2Fwp%2Fv2%2Ftags&post=5416"}],"curies":[{"name":"wp","href":"https:\/\/api.w.org\/{rel}","templated":true}]}}